{"id":5503,"date":"2024-02-21T14:54:40","date_gmt":"2024-02-21T13:54:40","guid":{"rendered":"https:\/\/pasaenmendoza.com\/?p=5503"},"modified":"2024-02-21T14:55:29","modified_gmt":"2024-02-21T13:55:29","slug":"rivadavia-libre-de-dengue-autoctono-las-autoridades-confirmaron-que-son-casos-importados","status":"publish","type":"post","link":"https:\/\/pasaenmendoza.com\/?p=5503","title":{"rendered":"Rivadavia libre de dengue aut\u00f3ctono: las autoridades confirmaron que son casos &#8220;importados&#8221;"},"content":{"rendered":"\n<p>Hace pocas horas, se habr\u00eda confirmado que dos personas ten\u00edan dengue en el&nbsp;<strong>departamento de Rivadavia<\/strong>. Recientemente, las autoridades oficiales detallaron que esos casos son \u201cimportados\u201d y que las pacientes femeninas estaban de tr\u00e1nsito por la provincia.<\/p>\n\n\n\n<p>Seg\u00fan los datos, la ni\u00f1a y su mam\u00e1 ven\u00edan del norte del pa\u00eds y participaron del &#8220;<em>Encuentro Nacional de la Iglesia Adventista<\/em>&#8220;, llevada a cabo en la localidad anteriormente mencionada. Cabe destacar que se sospechaba que dicho evento, debido a su magnitud, podr\u00eda haber generado m\u00e1s contagios.<\/p>\n\n\n\n<figure class=\"wp-block-image\"><img decoding=\"async\" src=\"https:\/\/statics.diariomendoza.com.ar\/2023\/09\/crop\/6503802406b34__780x780.webp\" alt=\"hospital saporiti\"\/><figcaption class=\"wp-element-caption\">Dengue en Rivadavia: las autoridades confirmaron que son casos &#8220;importados&#8221;<\/figcaption><\/figure>\n\n\n\n<p>Las personas implicadas estuvieron en observaci\u00f3n en el Hospital Dr. Carlos Saporiti desde el d\u00eda lunes, pero luego de una buena evoluci\u00f3n, fueron dadas de alta con las precauciones pertinentes. Sumado a esto, confirmaron que ya regresaron a su provincia.&nbsp;<\/p>\n\n\n\n<p>Desde el nosocomio, aclararon que actualmente no se encuentran individuos hospitalizados por casos sospechosos. Tambi\u00e9n, explicaron que hasta el momento, no hay registro de casos aut\u00f3ctonos en ese lugar.&nbsp;<\/p>\n\n\n\n<p>Por \u00faltimo, recomendaron a los vecinos llevar los recaudos necesarios para evitar la propagaci\u00f3n del mosquito que transmite esa enfermedad.<\/p>\n\n\n\n<p><strong>Fuente: www.diariomendoza.com.ar<\/strong><\/p>\n","protected":false},"excerpt":{"rendered":"<p>Hace pocas horas, se habr\u00eda confirmado que dos personas ten\u00edan dengue en el&nbsp;departamento de Rivadavia. Recientemente, las autoridades oficiales detallaron que esos casos son \u201cimportados\u201d y que las pacientes femeninas estaban de tr\u00e1nsito por la provincia. Seg\u00fan los datos, la ni\u00f1a y su mam\u00e1 ven\u00edan del norte del pa\u00eds y participaron del &#8220;Encuentro Nacional de [&hellip;]<\/p>\n","protected":false},"author":2,"featured_media":5505,"comment_status":"open","ping_status":"open","sticky":false,"template":"","format":"standard","meta":[],"categories":[58],"tags":[],"_links":{"self":[{"href":"https:\/\/pasaenmendoza.com\/index.php?rest_route=\/wp\/v2\/posts\/5503"}],"collection":[{"href":"https:\/\/pasaenmendoza.com\/index.php?rest_route=\/wp\/v2\/posts"}],"about":[{"href":"https:\/\/pasaenmendoza.com\/index.php?rest_route=\/wp\/v2\/types\/post"}],"author":[{"embeddable":true,"href":"https:\/\/pasaenmendoza.com\/index.php?rest_route=\/wp\/v2\/users\/2"}],"replies":[{"embeddable":true,"href":"https:\/\/pasaenmendoza.com\/index.php?rest_route=%2Fwp%2Fv2%2Fcomments&post=5503"}],"version-history":[{"count":2,"href":"https:\/\/pasaenmendoza.com\/index.php?rest_route=\/wp\/v2\/posts\/5503\/revisions"}],"predecessor-version":[{"id":5506,"href":"https:\/\/pasaenmendoza.com\/index.php?rest_route=\/wp\/v2\/posts\/5503\/revisions\/5506"}],"wp:featuredmedia":[{"embeddable":true,"href":"https:\/\/pasaenmendoza.com\/index.php?rest_route=\/wp\/v2\/media\/5505"}],"wp:attachment":[{"href":"https:\/\/pasaenmendoza.com\/index.php?rest_route=%2Fwp%2Fv2%2Fmedia&parent=5503"}],"wp:term":[{"taxonomy":"category","embeddable":true,"href":"https:\/\/pasaenmendoza.com\/index.php?rest_route=%2Fwp%2Fv2%2Fcategories&post=5503"},{"taxonomy":"post_tag","embeddable":true,"href":"https:\/\/pasaenmendoza.com\/index.php?rest_route=%2Fwp%2Fv2%2Ftags&post=5503"}],"curies":[{"name":"wp","href":"https:\/\/api.w.org\/{rel}","templated":true}]}}