{"id":5507,"date":"2024-02-21T15:03:34","date_gmt":"2024-02-21T14:03:34","guid":{"rendered":"https:\/\/pasaenmendoza.com\/?p=5507"},"modified":"2024-02-21T15:03:36","modified_gmt":"2024-02-21T14:03:36","slug":"milei-dio-marcha-atras-y-fijo-por-decreto-el-nuevo-salario-minimo-que-ya-rige-para-febrero","status":"publish","type":"post","link":"https:\/\/pasaenmendoza.com\/?p=5507","title":{"rendered":"Milei dio marcha atr\u00e1s y fij\u00f3 por decreto el nuevo salario m\u00ednimo que ya rige para febrero"},"content":{"rendered":"\n<p><strong>El Gobierno oficializ\u00f3 el nuevo\u00a0Salario M\u00ednimo, Vital y M\u00f3vil (SMVM)\u00a0en $180.000 para febrero\u00a0<\/strong>y $202.800 en marzo, a trav\u00e9s de la Resoluci\u00f3n 4\/2024 publicada este mi\u00e9rcoles en el\u00a0<strong>Bolet\u00edn Oficial<\/strong>.<\/p>\n\n\n\n<p>La medida\u00a0<strong>contradice dichos previos del presidente Javier Milei<\/strong>, quien hab\u00eda asegurado que por su apoyo a la\u00a0<strong>desregulaci\u00f3n total de los mercados<\/strong>\u00a0\u00e9l prefer\u00eda no intervenir, ya que el salario es,\u00a0<strong>a su criterio, un mero acuerdo entre partes<\/strong>.<\/p>\n\n\n\n<h2 class=\"wp-block-heading\">Cu\u00e1l es el nuevo salario m\u00ednimo<\/h2>\n\n\n\n<p>De esta forma,&nbsp;<strong>el salario b\u00e1sico pasar\u00e1 de $156.000 a $180.000 desde el 1\u00b0 de febrero de 2024<\/strong>, para todos los trabajadores que cumplieran con una jornada completa de trabajo y reciban un pago de tipo mensual, mientras que para los empleados jornalizados<strong>&nbsp;el monto que cobrar\u00e1n por cada hora trabajada ser\u00e1 de $900.<\/strong><\/p>\n\n\n\n<p>En tanto que<strong>\u00a0desde el 1\u00b0 de marzo la suma total del SMVM trepar\u00e1 a $202.800<\/strong>, para los empleados mensualizados, mientras que para los jornalizados la remuneraci\u00f3n m\u00ednima por hora ser\u00e1 de\u00a0<strong>$1.014<\/strong>.<\/p>\n\n\n\n<h2 class=\"wp-block-heading\">Tras el fracaso del consenso<\/h2>\n\n\n\n<p>En los considerandos de la resoluci\u00f3n, el Gobierno indic\u00f3 que &#8220;la representaci\u00f3n de los trabajadores realiz\u00f3 una propuesta relativa al monto del Salario M\u00ednimo, Vital y M\u00f3vil,&nbsp;<strong>no habiendo consenso al respecto<\/strong>&#8220;, refiri\u00e9ndose al incremento del&nbsp;<strong>85% reclamado por los gremios<\/strong>, que fue rechazo por los empleadores en dos oportunidades.<\/p>\n\n\n\n<p>Por tanto, el Ejecutivo &#8220;<strong>se encuentra en la obligaci\u00f3n de emitir un laudo sobre tales puntos<\/strong>&#8220;, precis\u00f3 en el documento.<\/p>\n\n\n\n<p>Al mismo tiempo, se indic\u00f3 que &#8220;en lo atinente a las&nbsp;<strong>Prestaciones por Desempleo<\/strong>, al no haberse tratado el tema, se mantendr\u00e1 la f\u00f3rmula establecida&#8221; en la \u00faltima modificaci\u00f3n resuelta por el Consejo del Salario M\u00ednimo el pasado 29 de septiembre de 2023.<\/p>\n\n\n\n<p>En la resoluci\u00f3n tambi\u00e9n se aclar\u00f3 que el nuevo salario b\u00e1sico fijado&nbsp;<strong>no incluir\u00e1 los pagos correspondientes a las asignaciones familiares que los beneficiarios pudieran recibir<\/strong>.<\/p>\n\n\n\n<p>El vocero presidencial,\u00a0<strong>Manuel Adorni,<\/strong>\u00a0hab\u00eda adelantado el martes la decisi\u00f3n del Gobierno de fijar un nuevo monto en la remuneraci\u00f3n m\u00ednima, al expresar que &#8220;no se ha logrado que las partes se pongan de acuerdo por la discusi\u00f3n por el salario, m\u00ednimo vital y m\u00f3vil&#8221;, por lo que &#8220;el Gobierno debe laudar entre las partes y fijar un salario m\u00ednimo&#8221;.<\/p>\n\n\n\n<p><strong>Fuente: www.diariouno.com.ar<\/strong><\/p>\n","protected":false},"excerpt":{"rendered":"<p>El Gobierno oficializ\u00f3 el nuevo\u00a0Salario M\u00ednimo, Vital y M\u00f3vil (SMVM)\u00a0en $180.000 para febrero\u00a0y $202.800 en marzo, a trav\u00e9s de la Resoluci\u00f3n 4\/2024 publicada este mi\u00e9rcoles en el\u00a0Bolet\u00edn Oficial. La medida\u00a0contradice dichos previos del presidente Javier Milei, quien hab\u00eda asegurado que por su apoyo a la\u00a0desregulaci\u00f3n total de los mercados\u00a0\u00e9l prefer\u00eda no intervenir, ya que el [&hellip;]<\/p>\n","protected":false},"author":2,"featured_media":5508,"comment_status":"open","ping_status":"open","sticky":false,"template":"","format":"standard","meta":[],"categories":[75],"tags":[],"_links":{"self":[{"href":"https:\/\/pasaenmendoza.com\/index.php?rest_route=\/wp\/v2\/posts\/5507"}],"collection":[{"href":"https:\/\/pasaenmendoza.com\/index.php?rest_route=\/wp\/v2\/posts"}],"about":[{"href":"https:\/\/pasaenmendoza.com\/index.php?rest_route=\/wp\/v2\/types\/post"}],"author":[{"embeddable":true,"href":"https:\/\/pasaenmendoza.com\/index.php?rest_route=\/wp\/v2\/users\/2"}],"replies":[{"embeddable":true,"href":"https:\/\/pasaenmendoza.com\/index.php?rest_route=%2Fwp%2Fv2%2Fcomments&post=5507"}],"version-history":[{"count":1,"href":"https:\/\/pasaenmendoza.com\/index.php?rest_route=\/wp\/v2\/posts\/5507\/revisions"}],"predecessor-version":[{"id":5509,"href":"https:\/\/pasaenmendoza.com\/index.php?rest_route=\/wp\/v2\/posts\/5507\/revisions\/5509"}],"wp:featuredmedia":[{"embeddable":true,"href":"https:\/\/pasaenmendoza.com\/index.php?rest_route=\/wp\/v2\/media\/5508"}],"wp:attachment":[{"href":"https:\/\/pasaenmendoza.com\/index.php?rest_route=%2Fwp%2Fv2%2Fmedia&parent=5507"}],"wp:term":[{"taxonomy":"category","embeddable":true,"href":"https:\/\/pasaenmendoza.com\/index.php?rest_route=%2Fwp%2Fv2%2Fcategories&post=5507"},{"taxonomy":"post_tag","embeddable":true,"href":"https:\/\/pasaenmendoza.com\/index.php?rest_route=%2Fwp%2Fv2%2Ftags&post=5507"}],"curies":[{"name":"wp","href":"https:\/\/api.w.org\/{rel}","templated":true}]}}