{"id":551,"date":"2023-08-09T14:36:33","date_gmt":"2023-08-09T12:36:33","guid":{"rendered":"https:\/\/pasaenmendoza.com\/?p=551"},"modified":"2023-08-09T14:36:33","modified_gmt":"2023-08-09T12:36:33","slug":"el-consejo-de-la-magistratura-reculo-y-dio-lugar-a-otro-papelon","status":"publish","type":"post","link":"https:\/\/pasaenmendoza.com\/?p=551","title":{"rendered":"El Consejo de la Magistratura recul\u00f3 y dio lugar a otro papel\u00f3n"},"content":{"rendered":"\n<p><em>\u201cEs un tremendo papel\u00f3n\u201d<\/em>. As\u00ed definen en los Tribunales provinciales las idas y vueltas del&nbsp;<strong>Consejo de la Magistratura<\/strong>, que luego de tomar la pol\u00e9mica decisi\u00f3n de disolver a la Comisi\u00f3n Asesora para la Justicia Penal, Ejecuci\u00f3n y Faltas, ahora dio marcha atr\u00e1s con esa medida y, en lugar de remover a la totalidad de sus integrantes, solicit\u00f3 que sean reconfirmados por sus respectivos estamentos.<\/p>\n\n\n\n<p><em>\u201cSustituir lo decidido por el Consejo en el Acta 14\/23 respecto de la Comisi\u00f3n Asesora para la Justicia Penal, de Ejecuci\u00f3n Penal y Faltas y, en su lugar, requerir a los diversos \u00f3rganos y estamentos\u2026 que en el plazo de cinco d\u00edas de notificados del presente, manifiesten ante este Consejo de la Magistratura, si ratifican a los miembros representantes titulares y suplentes de cada uno de dichos estamentos en su defecto nominen nuevos miembros representantes titulares y\/o suplentes para integrar la Comisi\u00f3n Asesora para la Justicia Penal, de Ejecuci\u00f3n Penal y Faltas\u201d<\/em>, afirma el art\u00edculo 1 de la resoluci\u00f3n.<\/p>\n\n\n\n<p>Fuentes judiciales tienen dos convicciones: por un lado, que detr\u00e1s de la medida con la que se intent\u00f3 frenar el esc\u00e1ndalo estuvieron la ministra de la Suprema Corte,\u00a0<strong>Mar\u00eda Teresa Day<\/strong>, y el subsecretario de Justicia,\u00a0<strong>Marcelo D\u2019Agostino<\/strong>; y por el otro, que todos los integrantes actuales de la Comisi\u00f3n ser\u00e1n ratificados.<\/p>\n\n\n\n<p><strong>Day<\/strong>, representante de la SCJM en el Consejo, hab\u00eda quedado en el centro de las cr\u00edticas por parte del resto de otros ministros del alto tribunal, quienes no fueron informados ni consultados previamente sobre la dr\u00e1stica decisi\u00f3n de disolver a la Comisi\u00f3n Asesora para la Justicia Penal, Ejecuci\u00f3n y Faltas. Tambi\u00e9n\u00a0<strong>D\u2019Agostino<\/strong>, sindicado como operador judicial del Ejecutivo, fue cuestionado por no advertir sobre los coletazos de la medida. Lo cierto es que ambos quedaron debilitados pol\u00edticamente y su futuro en el Consejo de la Magistratura pende de un hilo.<\/p>\n\n\n\n<p>Otro consejero golpeado por el papel\u00f3n es&nbsp;<strong>Fernando Guzzo<\/strong>, jefe de la Unidad Fiscal de Homicidios, que tambi\u00e9n hab\u00eda avalado la remoci\u00f3n de la comisi\u00f3n evaluadora. En concreto, lo acusan de intervenir en el concurso cuestionado cuando&nbsp;<em>\u201c\u00e9ticamente le estaba vedado hacerlo\u201c<\/em>&nbsp;ya que su pareja fue una de las participantes.<\/p>\n\n\n\n<h2 class=\"wp-block-heading\" id=\"h-cronologia-del-escandalo\">Cronolog\u00eda del esc\u00e1ndalo<\/h2>\n\n\n\n<p>A principios de julio, la determinaci\u00f3n de disolver a la&nbsp;<strong>Comisi\u00f3n Asesora para la Justicia Penal, Ejecuci\u00f3n y Faltas<\/strong>&nbsp;se adopt\u00f3 a partir de un planteo hecho por el diputado<strong>&nbsp;Jos\u00e9 Luis Ram\u00f3n,<\/strong>&nbsp;que denunci\u00f3 presuntas irregularidades en los ex\u00e1menes para un cargo de fiscal de Instrucci\u00f3n, que supuestamente no se hab\u00edan apegado al reglamento.<\/p>\n\n\n\n<p>Posteriormente, el Consejo de la Magistratura resolvi\u00f3 \u201cpor unanimidad\u201d la remoci\u00f3n de todos los integrantes de la comisi\u00f3n, incluidos los suplentes. La eliminaci\u00f3n se produjo pr\u00e1cticamente de facto, sin posibilidad de descargo ni explicaci\u00f3n, y gener\u00f3 revuelo en Tribunales.<\/p>\n\n\n\n<p>Inmediatamente un grupo de jueces, fiscales, defensores oficiales y abogados que integran la Comisi\u00f3n present\u00f3 un&nbsp;<strong>recurso de reconsideraci\u00f3n<\/strong>&nbsp;al Consejo de la Magistratura. Indicaron que decisi\u00f3n fue&nbsp;<em>\u201carbitraria\u201d y tiene \u201cvicios groseros\u201d,<\/em>&nbsp;y reclamaron que esa decisi\u00f3n quedara sin efecto.<\/p>\n\n\n\n<p>Ante la fuerte presi\u00f3n, el Consejo de la Magistratura emiti\u00f3 una nueva resoluci\u00f3n donde expresa<em>&nbsp;\u201cel m\u00e1s profundo reconocimiento a la labor y compromiso demostrados\u201d<\/em>&nbsp;por los integrantes de la Comisi\u00f3n. De todas maneras, advierte que existieron<em>&nbsp;\u201csituaciones donde no habr\u00eda existido una estricta adecuaci\u00f3n a aquellas reglas preestablecidas por la normativa aplicable\u201d.<\/em><\/p>\n\n\n\n<p>Sin embargo, para ponerle fin a la pol\u00e9mica, dej\u00f3 en manos de los diferentes \u00f3rganos y estamentos con representaci\u00f3n en la Comisi\u00f3n Asesora para la Justicia Penal la decisi\u00f3n de confirmar o no a sus integrantes.<\/p>\n\n\n\n<p><strong>Fuente: www.elsol.com.ar<\/strong><\/p>\n","protected":false},"excerpt":{"rendered":"<p>\u201cEs un tremendo papel\u00f3n\u201d. As\u00ed definen en los Tribunales provinciales las idas y vueltas del&nbsp;Consejo de la Magistratura, que luego de tomar la pol\u00e9mica decisi\u00f3n de disolver a la Comisi\u00f3n Asesora para la Justicia Penal, Ejecuci\u00f3n y Faltas, ahora dio marcha atr\u00e1s con esa medida y, en lugar de remover a la totalidad de sus [&hellip;]<\/p>\n","protected":false},"author":2,"featured_media":552,"comment_status":"open","ping_status":"open","sticky":false,"template":"","format":"standard","meta":[],"categories":[51],"tags":[],"_links":{"self":[{"href":"https:\/\/pasaenmendoza.com\/index.php?rest_route=\/wp\/v2\/posts\/551"}],"collection":[{"href":"https:\/\/pasaenmendoza.com\/index.php?rest_route=\/wp\/v2\/posts"}],"about":[{"href":"https:\/\/pasaenmendoza.com\/index.php?rest_route=\/wp\/v2\/types\/post"}],"author":[{"embeddable":true,"href":"https:\/\/pasaenmendoza.com\/index.php?rest_route=\/wp\/v2\/users\/2"}],"replies":[{"embeddable":true,"href":"https:\/\/pasaenmendoza.com\/index.php?rest_route=%2Fwp%2Fv2%2Fcomments&post=551"}],"version-history":[{"count":1,"href":"https:\/\/pasaenmendoza.com\/index.php?rest_route=\/wp\/v2\/posts\/551\/revisions"}],"predecessor-version":[{"id":553,"href":"https:\/\/pasaenmendoza.com\/index.php?rest_route=\/wp\/v2\/posts\/551\/revisions\/553"}],"wp:featuredmedia":[{"embeddable":true,"href":"https:\/\/pasaenmendoza.com\/index.php?rest_route=\/wp\/v2\/media\/552"}],"wp:attachment":[{"href":"https:\/\/pasaenmendoza.com\/index.php?rest_route=%2Fwp%2Fv2%2Fmedia&parent=551"}],"wp:term":[{"taxonomy":"category","embeddable":true,"href":"https:\/\/pasaenmendoza.com\/index.php?rest_route=%2Fwp%2Fv2%2Fcategories&post=551"},{"taxonomy":"post_tag","embeddable":true,"href":"https:\/\/pasaenmendoza.com\/index.php?rest_route=%2Fwp%2Fv2%2Ftags&post=551"}],"curies":[{"name":"wp","href":"https:\/\/api.w.org\/{rel}","templated":true}]}}