{"id":5510,"date":"2024-02-21T15:12:36","date_gmt":"2024-02-21T14:12:36","guid":{"rendered":"https:\/\/pasaenmendoza.com\/?p=5510"},"modified":"2024-02-21T15:19:39","modified_gmt":"2024-02-21T14:19:39","slug":"veronica-cangemi-anuncio-las-audiciones-del-programa-de-canto-que-dicta-la-universidad-de-congreso","status":"publish","type":"post","link":"https:\/\/pasaenmendoza.com\/?p=5510","title":{"rendered":"Ver\u00f3nica Cangemi anunci\u00f3 las audiciones del Programa de Canto que dicta la Universidad de Congreso"},"content":{"rendered":"\n<p>Para iniciar un nuevo ciclo lectivo, el&nbsp;<strong>Programa de Canto de la Universidad de Congreso (UC)<\/strong>&nbsp;que dirige&nbsp;<strong>Ver\u00f3nica Cangemi<\/strong>&nbsp;anunci\u00f3 sus&nbsp;<strong>audiciones 2024<\/strong>. La primera de ellas se dar\u00e1 este&nbsp;<strong>jueves 22<\/strong>, a partir de las 12.30, en las instalaciones de la UC (Col\u00f3n 90, Ciudad).<\/p>\n\n\n\n<p>Con la internacionalmente reconocida soprano mendocina,<strong>&nbsp;la audici\u00f3n del Programa de Canto de la UC convoca a j\u00f3venes que deseen perfeccionarse en el canto l\u00edrico y popular.<\/strong><\/p>\n\n\n\n<p>Instaurado hace 13 a\u00f1os, el programa de la UC incluye en su curr\u00edcula&nbsp;<strong>t\u00e9cnica vocal, foniatr\u00eda, clases de italiano aplicado al canto, audioperceptiva y repertorio<\/strong>.<\/p>\n\n\n\n<p>&#8220;Estoy muy feliz porque el&nbsp;<strong>Programa de Canto de la Universidad de Congreso<\/strong>&nbsp;lo inauguramos en el 2011 y mir\u00e1 la cantidad de a\u00f1os que llevamos, y cada d\u00eda vamos creciendo m\u00e1s&#8221;, expres\u00f3 Cangemi sobre su proyecto de&nbsp;<strong>ense\u00f1anza acad\u00e9mica musical<\/strong>&nbsp;y remarc\u00f3 que su felicidad se da tambi\u00e9n &#8220;por poder seguir estimulando y encontrando gente que apoya este programa&#8221;.<\/p>\n\n\n\n<p>La artista destac\u00f3: &#8220;El a\u00f1o pasado tuvimos muchos alumnos, muchos conciertos, muchos chicos han pasado por el programa,&nbsp;<strong>muchos cantantes que hoy est\u00e1n en Roma o en Francia, otro est\u00e1 en el coro del Teatro Col\u00f3n<\/strong>&#8220;.<\/p>\n\n\n\n<p>&#8220;Me enorgullece ver a<strong>\u00a0tantos chicos que han seguido un camino musical despu\u00e9s de haber pasado por la Universidad de Congreso<\/strong>&#8220;, complet\u00f3 la mendocina que el a\u00f1o pasado recibi\u00f3 el\u00a0<strong>premio International Professional Music BraVo<\/strong>\u00a0a la\u00a0<strong>mejor int\u00e9rprete cl\u00e1sica<\/strong>\u00a0en una ceremonia realizada nada menos que en el teatro Bolshoi de Mosc\u00fa.<\/p>\n\n\n\n<p>La Universidad de Congreso, a trav\u00e9s de la iniciativa de Cangemi, tambi\u00e9n&nbsp;<strong>alberg\u00f3 el nacimiento de la Orquesta Barroca (OBA) que el a\u00f1o pasado trabaj\u00f3 en el Teatro Col\u00f3n.<\/strong><\/p>\n\n\n\n<h2 class=\"wp-block-heading\">De qu\u00e9 se trata el programa<\/h2>\n\n\n\n<p>El Programa de Canto de la UC cuenta con los expertos&nbsp;<strong>Beatriz Fornabaio, David Paz y Lautaro Michaux&nbsp;<\/strong>en el \u00e1rea l\u00edrico; y en el canto popular, la joven y talentosa&nbsp;<strong>Julieta Cangemi<\/strong>, sobrina de Ver\u00f3nica.<\/p>\n\n\n\n<p>Porque&nbsp;<strong>las Cangemi son una instituci\u00f3n en el canto mendocino<\/strong>, con la madre de la l\u00edrica Fenicia, sus hijas Ver\u00f3nica y Patricia, y su nieta Julieta.<\/p>\n\n\n\n<p>Durante el programa,&nbsp;<strong>los estudiantes reciben clases individuales de t\u00e9cnica vocal, repertorio y piano complementario.<\/strong>&nbsp;Trabajan en grupo en las clases de expresi\u00f3n corporal. Los alumnos durante dos a\u00f1os tienen clases de apoyo de la lengua italiana e inglesa.&nbsp;<strong>Adquieren conocimiento y experiencia espec\u00edfica del repertorio l\u00edrico para sus futuros trabajos art\u00edsticos<\/strong>.<\/p>\n\n\n\n<p>A trav\u00e9s de evaluaciones anuales y observando el desempe\u00f1o de cada estudiante durante el programa, se va orientando las metas para cada uno de ellos, asignando repertorio seg\u00fan su registro vocal. A los seis meses de ingreso se lleva a cabo&nbsp;<strong>una evaluaci\u00f3n que determina la continuidad del estudiante en el programa<\/strong>.<\/p>\n\n\n\n<p>Despu\u00e9s de los dos a\u00f1os de carrera,&nbsp;<strong>los estudiantes estar\u00e1n en condiciones de afrontar concursos internacionales<\/strong>.<\/p>\n\n\n\n<p><strong>Fuente: www.diariouno.com.ar<\/strong><\/p>\n","protected":false},"excerpt":{"rendered":"<p>Para iniciar un nuevo ciclo lectivo, el&nbsp;Programa de Canto de la Universidad de Congreso (UC)&nbsp;que dirige&nbsp;Ver\u00f3nica Cangemi&nbsp;anunci\u00f3 sus&nbsp;audiciones 2024. La primera de ellas se dar\u00e1 este&nbsp;jueves 22, a partir de las 12.30, en las instalaciones de la UC (Col\u00f3n 90, Ciudad). Con la internacionalmente reconocida soprano mendocina,&nbsp;la audici\u00f3n del Programa de Canto de la UC [&hellip;]<\/p>\n","protected":false},"author":2,"featured_media":5511,"comment_status":"open","ping_status":"open","sticky":false,"template":"","format":"standard","meta":[],"categories":[50],"tags":[],"_links":{"self":[{"href":"https:\/\/pasaenmendoza.com\/index.php?rest_route=\/wp\/v2\/posts\/5510"}],"collection":[{"href":"https:\/\/pasaenmendoza.com\/index.php?rest_route=\/wp\/v2\/posts"}],"about":[{"href":"https:\/\/pasaenmendoza.com\/index.php?rest_route=\/wp\/v2\/types\/post"}],"author":[{"embeddable":true,"href":"https:\/\/pasaenmendoza.com\/index.php?rest_route=\/wp\/v2\/users\/2"}],"replies":[{"embeddable":true,"href":"https:\/\/pasaenmendoza.com\/index.php?rest_route=%2Fwp%2Fv2%2Fcomments&post=5510"}],"version-history":[{"count":2,"href":"https:\/\/pasaenmendoza.com\/index.php?rest_route=\/wp\/v2\/posts\/5510\/revisions"}],"predecessor-version":[{"id":5514,"href":"https:\/\/pasaenmendoza.com\/index.php?rest_route=\/wp\/v2\/posts\/5510\/revisions\/5514"}],"wp:featuredmedia":[{"embeddable":true,"href":"https:\/\/pasaenmendoza.com\/index.php?rest_route=\/wp\/v2\/media\/5511"}],"wp:attachment":[{"href":"https:\/\/pasaenmendoza.com\/index.php?rest_route=%2Fwp%2Fv2%2Fmedia&parent=5510"}],"wp:term":[{"taxonomy":"category","embeddable":true,"href":"https:\/\/pasaenmendoza.com\/index.php?rest_route=%2Fwp%2Fv2%2Fcategories&post=5510"},{"taxonomy":"post_tag","embeddable":true,"href":"https:\/\/pasaenmendoza.com\/index.php?rest_route=%2Fwp%2Fv2%2Ftags&post=5510"}],"curies":[{"name":"wp","href":"https:\/\/api.w.org\/{rel}","templated":true}]}}