{"id":5524,"date":"2024-02-21T16:29:37","date_gmt":"2024-02-21T15:29:37","guid":{"rendered":"https:\/\/pasaenmendoza.com\/?p=5524"},"modified":"2024-02-21T16:29:39","modified_gmt":"2024-02-21T15:29:39","slug":"choco-la-camioneta-que-llevaba-a-la-reina-vendimial-de-san-carlos","status":"publish","type":"post","link":"https:\/\/pasaenmendoza.com\/?p=5524","title":{"rendered":"Choc\u00f3 la camioneta que llevaba a la reina vendimial de San Carlos"},"content":{"rendered":"\n<p>La soberana departamental de&nbsp;<strong>San Carlos<\/strong>&nbsp; y el equipo municipal que la acompa\u00f1a en los distintos eventos municipales sufrieron un accidente&nbsp; automovil\u00edstico durante la madrugada de este mi\u00e9rcoles.<\/p>\n\n\n\n<p>El hecho ocurri\u00f3 sobre la Ruta 40 antes del empalme con Ruta 7 en la localidad de\u00a0 Agrelo, Luj\u00e1n de Cuyo,\u00a0 cuando\u00a0 el veh\u00edculo en el que se desplazaba\u00a0<strong>Roc\u00edo Neila\u00a0\u00a0<\/strong>protagoniz\u00f3 un choque en cadena.\u00a0<\/p>\n\n\n\n<p>Seg\u00fan fuentes oficiales,&nbsp; la movilidad perteneciente a la Municipalidad de San Carlos,&nbsp; fue &#8220;encerrada&#8221; por un cami\u00f3n que circulaba en el mismo sentido, de norte a sur, a la altura de la estaci\u00f3n de servicio conocida como Red Mercosur.<\/p>\n\n\n\n<p>Si bien el rodado sufri\u00f3 un fuerte impacto, que incluy\u00f3 a un tercer veh\u00edculo, tanto\u00a0 la soberana como el personal que la acompa\u00f1aba en ese momento solo presentaron lesiones leves y se encuentran fuera de peligro.<\/p>\n\n\n\n<p><strong>Fuente: www.mendozapost.com<\/strong><\/p>\n","protected":false},"excerpt":{"rendered":"<p>La soberana departamental de&nbsp;San Carlos&nbsp; y el equipo municipal que la acompa\u00f1a en los distintos eventos municipales sufrieron un accidente&nbsp; automovil\u00edstico durante la madrugada de este mi\u00e9rcoles. El hecho ocurri\u00f3 sobre la Ruta 40 antes del empalme con Ruta 7 en la localidad de\u00a0 Agrelo, Luj\u00e1n de Cuyo,\u00a0 cuando\u00a0 el veh\u00edculo en el que se [&hellip;]<\/p>\n","protected":false},"author":2,"featured_media":5525,"comment_status":"open","ping_status":"open","sticky":false,"template":"","format":"standard","meta":[],"categories":[48],"tags":[],"_links":{"self":[{"href":"https:\/\/pasaenmendoza.com\/index.php?rest_route=\/wp\/v2\/posts\/5524"}],"collection":[{"href":"https:\/\/pasaenmendoza.com\/index.php?rest_route=\/wp\/v2\/posts"}],"about":[{"href":"https:\/\/pasaenmendoza.com\/index.php?rest_route=\/wp\/v2\/types\/post"}],"author":[{"embeddable":true,"href":"https:\/\/pasaenmendoza.com\/index.php?rest_route=\/wp\/v2\/users\/2"}],"replies":[{"embeddable":true,"href":"https:\/\/pasaenmendoza.com\/index.php?rest_route=%2Fwp%2Fv2%2Fcomments&post=5524"}],"version-history":[{"count":1,"href":"https:\/\/pasaenmendoza.com\/index.php?rest_route=\/wp\/v2\/posts\/5524\/revisions"}],"predecessor-version":[{"id":5526,"href":"https:\/\/pasaenmendoza.com\/index.php?rest_route=\/wp\/v2\/posts\/5524\/revisions\/5526"}],"wp:featuredmedia":[{"embeddable":true,"href":"https:\/\/pasaenmendoza.com\/index.php?rest_route=\/wp\/v2\/media\/5525"}],"wp:attachment":[{"href":"https:\/\/pasaenmendoza.com\/index.php?rest_route=%2Fwp%2Fv2%2Fmedia&parent=5524"}],"wp:term":[{"taxonomy":"category","embeddable":true,"href":"https:\/\/pasaenmendoza.com\/index.php?rest_route=%2Fwp%2Fv2%2Fcategories&post=5524"},{"taxonomy":"post_tag","embeddable":true,"href":"https:\/\/pasaenmendoza.com\/index.php?rest_route=%2Fwp%2Fv2%2Ftags&post=5524"}],"curies":[{"name":"wp","href":"https:\/\/api.w.org\/{rel}","templated":true}]}}