{"id":5527,"date":"2024-02-21T16:34:15","date_gmt":"2024-02-21T15:34:15","guid":{"rendered":"https:\/\/pasaenmendoza.com\/?p=5527"},"modified":"2024-02-21T16:34:16","modified_gmt":"2024-02-21T15:34:16","slug":"cayo-el-topito-por-la-balacera-que-dejo-con-muerte-cerebral-a-un-joven-en-las-heras","status":"publish","type":"post","link":"https:\/\/pasaenmendoza.com\/?p=5527","title":{"rendered":"Cay\u00f3 el \u201cTopito\u201d por la balacera que dej\u00f3 con muerte cerebral a un joven en Las Heras"},"content":{"rendered":"\n<p>Polic\u00edas de la Unidad Especial de Patrullaje (UEP) atraparon la noche de este martes al&nbsp;<strong><em>Topito<\/em><\/strong>, sindicado autor del tiroteo que dej\u00f3 con muerte cerebral a Marcelo Brian Carballo el \u00faltimo fin de semana en la&nbsp;<strong>villa G\u00fcemes<\/strong>&nbsp;de&nbsp;<strong>Las Heras<\/strong>.<\/p>\n\n\n\n<p>El&nbsp;<strong>fiscal de Homicidios Carlos Torres<\/strong>, quien lidera la instrucci\u00f3n, hab\u00eda solicitado la captura del presunto agresor, quien&nbsp;<mark>fue identificado a partir de las declaraciones de testigos y el trabajo de campo de los detectives de Investigaciones<\/mark>.<\/p>\n\n\n\n<p>Pese a que, pasadas las 21 de este martes, Carballo continuaba con vida, el caso se abord\u00f3 como un homicidio por el estado cr\u00edtico de la v\u00edctima.<\/p>\n\n\n\n<p>Durante el procedimiento que se desarroll\u00f3 en el citado asentamiento s<mark>e logr\u00f3 secuestrar una\u00a0<strong>pistola 11.25<\/strong>, que habr\u00eda sido empleada en el hecho de sangre, y una motocicleta en la que se dio a la fuga el acusado<\/mark>, de acuerdo con fuentes policiales.<\/p>\n\n\n\n<p>Mientras se concretaba la detenci\u00f3n del&nbsp;<em>Topito<\/em>, un grupo de malvivientes de la zona atac\u00f3 a los efectivos que participaban del operativo y algunos de ellos resultaron lesionados.<\/p>\n\n\n\n<p>Carballo fue baleado la noche del domingo alrededor de las 20.40, media hora despu\u00e9s de otro ataque armado que tuvo como v\u00edctima a&nbsp;<strong>Pablo G\u00f3mez<\/strong>&nbsp;(46).<\/p>\n\n\n\n<p>Al parecer, el joven de 23 a\u00f1os sali\u00f3 a bordo de su\u00a0<strong>moto Honda 150cc<\/strong>\u00a0para vengar la agresi\u00f3n contra G\u00f3mez, pero\u00a0<mark>terminaron propin\u00e1ndole un tiro en la cabeza que lo dej\u00f3 al borde de la muerte<\/mark>.<\/p>\n\n\n\n<p><strong>Fuente: www.elsol.com.ar<\/strong><\/p>\n","protected":false},"excerpt":{"rendered":"<p>Polic\u00edas de la Unidad Especial de Patrullaje (UEP) atraparon la noche de este martes al&nbsp;Topito, sindicado autor del tiroteo que dej\u00f3 con muerte cerebral a Marcelo Brian Carballo el \u00faltimo fin de semana en la&nbsp;villa G\u00fcemes&nbsp;de&nbsp;Las Heras. El&nbsp;fiscal de Homicidios Carlos Torres, quien lidera la instrucci\u00f3n, hab\u00eda solicitado la captura del presunto agresor, quien&nbsp;fue identificado [&hellip;]<\/p>\n","protected":false},"author":2,"featured_media":5528,"comment_status":"open","ping_status":"open","sticky":false,"template":"","format":"standard","meta":[],"categories":[48],"tags":[],"_links":{"self":[{"href":"https:\/\/pasaenmendoza.com\/index.php?rest_route=\/wp\/v2\/posts\/5527"}],"collection":[{"href":"https:\/\/pasaenmendoza.com\/index.php?rest_route=\/wp\/v2\/posts"}],"about":[{"href":"https:\/\/pasaenmendoza.com\/index.php?rest_route=\/wp\/v2\/types\/post"}],"author":[{"embeddable":true,"href":"https:\/\/pasaenmendoza.com\/index.php?rest_route=\/wp\/v2\/users\/2"}],"replies":[{"embeddable":true,"href":"https:\/\/pasaenmendoza.com\/index.php?rest_route=%2Fwp%2Fv2%2Fcomments&post=5527"}],"version-history":[{"count":1,"href":"https:\/\/pasaenmendoza.com\/index.php?rest_route=\/wp\/v2\/posts\/5527\/revisions"}],"predecessor-version":[{"id":5529,"href":"https:\/\/pasaenmendoza.com\/index.php?rest_route=\/wp\/v2\/posts\/5527\/revisions\/5529"}],"wp:featuredmedia":[{"embeddable":true,"href":"https:\/\/pasaenmendoza.com\/index.php?rest_route=\/wp\/v2\/media\/5528"}],"wp:attachment":[{"href":"https:\/\/pasaenmendoza.com\/index.php?rest_route=%2Fwp%2Fv2%2Fmedia&parent=5527"}],"wp:term":[{"taxonomy":"category","embeddable":true,"href":"https:\/\/pasaenmendoza.com\/index.php?rest_route=%2Fwp%2Fv2%2Fcategories&post=5527"},{"taxonomy":"post_tag","embeddable":true,"href":"https:\/\/pasaenmendoza.com\/index.php?rest_route=%2Fwp%2Fv2%2Ftags&post=5527"}],"curies":[{"name":"wp","href":"https:\/\/api.w.org\/{rel}","templated":true}]}}