{"id":5532,"date":"2024-02-22T12:50:14","date_gmt":"2024-02-22T11:50:14","guid":{"rendered":"https:\/\/pasaenmendoza.com\/?p=5532"},"modified":"2024-02-22T12:50:18","modified_gmt":"2024-02-22T11:50:18","slug":"paro-de-la-sanidad-en-mendoza-como-sera-la-atencion-en-clinicas-y-sanatorios","status":"publish","type":"post","link":"https:\/\/pasaenmendoza.com\/?p=5532","title":{"rendered":"Paro de la Sanidad en Mendoza: c\u00f3mo ser\u00e1 la atenci\u00f3n en cl\u00ednicas y sanatorios"},"content":{"rendered":"\n<p>El\u00a0<strong>paro de la\u00a0Asociaci\u00f3n de Trabajadores de la Sanidad Argentina<\/strong><a rel=\"noreferrer noopener\" href=\"https:\/\/www.diariouno.com.ar\/sociedad\/dia-la-sanidad-mendoza-como-atenderan-los-hospitales-vacuntarios-y-centros-salud-n1216265\" target=\"_blank\">\u00a0<\/a>(ATSA) comenz\u00f3 a la hora cero de este jueves y\u00a0<strong>afectar\u00e1 a las cl\u00ednicas y sanatorios de Mendoza.<\/strong>\u00a0El sindicato deber\u00e1 cumplir con las guardias m\u00ednimas, por lo que se trabajar\u00e1 como los fines de semana, lo mismo para la tarea administrativa.<\/p>\n\n\n\n<p>Se trata de una&nbsp;<strong>medida de fuerza a nivel nacional<\/strong>, en reclamo de una mejora salarial para la primera parte del a\u00f1o. El \u00faltimo ofrecimiento fue del 12% y ATSA solicit\u00f3 un incremento que se acerque m\u00e1s a la escalada inflacionaria. Aseguran que sus ingresos est\u00e1n un 70% por debajo de los aumentos en la canasta b\u00e1sica.<\/p>\n\n\n\n<p>&#8220;<strong>Esperamos que haya un fuerte acatamiento y que se note que los trabajadores estamos haciendo un reclamo<\/strong>. El \u00faltimo ofrecimiento est\u00e1 muy alejado de lo que cobra el personal de laboratorio, por ejemplo, con sueldos de 1 mill\u00f3n de pesos, se\u00f1al\u00f3 el secretario adjunto de ATSA,\u00a0<strong>Manuel Orellana<\/strong>.<\/p>\n\n\n\n<p>&#8220;Frente a la intransigencia de las c\u00e1maras empresariales, el Consejo Directivo de ATSA resolvi\u00f3 convocar a\u00a0<strong>un paro nacional de actividades<\/strong>&#8220;, hab\u00eda confirmado\u00a0<strong>H\u00e9ctor Daer<\/strong>, que adem\u00e1s es cosecretario de la CGT.<\/p>\n\n\n\n<p>El dirigente sindical advirti\u00f3 tambi\u00e9n que el gremio llevar\u00e1 adelante&nbsp;<strong>&#8220;todas las acciones gremiales necesarias para la recomposici\u00f3n salarial&#8221;,&nbsp;<\/strong>y advirti\u00f3<strong>:&nbsp;<\/strong>&#8220;Esto sucede ante la falta de avances en las negociaciones salariales con las c\u00e1maras empresariales.<\/p>\n\n\n\n<p>Es probable que quienes ten\u00edan turnos programados de atenci\u00f3n en consultorios externos o en servicios de diagn\u00f3stico o an\u00e1lisis se encuentren con que se los cancelen, como est\u00e1 ocurriendo en algunos casos. Tambi\u00e9n, desde algunos centros privados informaron que la atenci\u00f3n puede depender de cada servicio y de la&nbsp;<strong>adhesi\u00f3n de los profesionales o personal administrativo.<\/strong><\/p>\n\n\n\n<p>Mientras se produzca la medida de fuerza los trabajadores estar\u00e1n en asambleas discutiendo y visibilizando el reclamo en Mendoza, anticip\u00f3 Orellana.<\/p>\n\n\n\n<h2 class=\"wp-block-heading\"><strong>Los m\u00e9dicos tambi\u00e9n reclaman por mejores aranceles<\/strong><\/h2>\n\n\n\n<p>El<strong>&nbsp;C\u00edrculo M\u00e9dico de Mendoza<\/strong>&nbsp;implement\u00f3 en septiembre del 2023 el&nbsp;<strong>cobro de la consulta m\u00e9dica<\/strong>&nbsp;a los pacientes, luego de que fracasaran las negociaciones con las obras sociales y prepagas por aranceles m\u00e1s actualizados a la inflaci\u00f3n.<\/p>\n\n\n\n<p>Desde ese momento hasta la actualidad se contin\u00faa con el\u00a0<strong>cobro de este plus\u00a0<\/strong>que asciende a los $12.000 y que var\u00eda seg\u00fan la obra social o mutual de que se trate y el convenio que tenga el profesional con la gerenciadora.<\/p>\n\n\n\n<p><strong>Fuente: www.diariouno.com.ar<\/strong><\/p>\n","protected":false},"excerpt":{"rendered":"<p>El\u00a0paro de la\u00a0Asociaci\u00f3n de Trabajadores de la Sanidad Argentina\u00a0(ATSA) comenz\u00f3 a la hora cero de este jueves y\u00a0afectar\u00e1 a las cl\u00ednicas y sanatorios de Mendoza.\u00a0El sindicato deber\u00e1 cumplir con las guardias m\u00ednimas, por lo que se trabajar\u00e1 como los fines de semana, lo mismo para la tarea administrativa. Se trata de una&nbsp;medida de fuerza a [&hellip;]<\/p>\n","protected":false},"author":2,"featured_media":5533,"comment_status":"open","ping_status":"open","sticky":false,"template":"","format":"standard","meta":[],"categories":[58],"tags":[],"_links":{"self":[{"href":"https:\/\/pasaenmendoza.com\/index.php?rest_route=\/wp\/v2\/posts\/5532"}],"collection":[{"href":"https:\/\/pasaenmendoza.com\/index.php?rest_route=\/wp\/v2\/posts"}],"about":[{"href":"https:\/\/pasaenmendoza.com\/index.php?rest_route=\/wp\/v2\/types\/post"}],"author":[{"embeddable":true,"href":"https:\/\/pasaenmendoza.com\/index.php?rest_route=\/wp\/v2\/users\/2"}],"replies":[{"embeddable":true,"href":"https:\/\/pasaenmendoza.com\/index.php?rest_route=%2Fwp%2Fv2%2Fcomments&post=5532"}],"version-history":[{"count":1,"href":"https:\/\/pasaenmendoza.com\/index.php?rest_route=\/wp\/v2\/posts\/5532\/revisions"}],"predecessor-version":[{"id":5534,"href":"https:\/\/pasaenmendoza.com\/index.php?rest_route=\/wp\/v2\/posts\/5532\/revisions\/5534"}],"wp:featuredmedia":[{"embeddable":true,"href":"https:\/\/pasaenmendoza.com\/index.php?rest_route=\/wp\/v2\/media\/5533"}],"wp:attachment":[{"href":"https:\/\/pasaenmendoza.com\/index.php?rest_route=%2Fwp%2Fv2%2Fmedia&parent=5532"}],"wp:term":[{"taxonomy":"category","embeddable":true,"href":"https:\/\/pasaenmendoza.com\/index.php?rest_route=%2Fwp%2Fv2%2Fcategories&post=5532"},{"taxonomy":"post_tag","embeddable":true,"href":"https:\/\/pasaenmendoza.com\/index.php?rest_route=%2Fwp%2Fv2%2Ftags&post=5532"}],"curies":[{"name":"wp","href":"https:\/\/api.w.org\/{rel}","templated":true}]}}