{"id":5535,"date":"2024-02-22T12:54:32","date_gmt":"2024-02-22T11:54:32","guid":{"rendered":"https:\/\/pasaenmendoza.com\/?p=5535"},"modified":"2024-02-22T12:54:34","modified_gmt":"2024-02-22T11:54:34","slug":"luis-caputo-anuncio-un-bono-de-70-000-para-los-jubilados-a-partir-de-marzo","status":"publish","type":"post","link":"https:\/\/pasaenmendoza.com\/?p=5535","title":{"rendered":"Luis Caputo anunci\u00f3 un bono de $70.000 para los jubilados a partir de marzo"},"content":{"rendered":"\n<p>El\u00a0ministro de Econom\u00eda,<strong>\u00a0Luis Caputo<\/strong>,\u00a0anunci\u00f3 este mi\u00e9rcoles un\u00a0<strong>bono de $70.000 para los jubilados que cobren la m\u00ednima\u00a0<\/strong>a partir de marzo.<\/p>\n\n\n\n<p>&#8220;Con este bono la jubilaci\u00f3n m\u00ednima, que con el aumento del 27,18% se va a $130.000, totalizar\u00e1 casi $205.000&#8221;, expres\u00f3 Caputo durante un reportaje con el canal de noticias TN. El \u00faltimo bono que se otorg\u00f3 a los jubilados fue de $55.000.<\/p>\n\n\n\n<p>Los&nbsp;<strong>jubilados y pensionados<\/strong>&nbsp;de la Administraci\u00f3n Nacional de la Seguridad Social (<strong>ANSES)<\/strong>&nbsp;que perciben el haber m\u00ednimo,&nbsp;<strong>cobrar\u00e1n un bono de $ 70.000 adem\u00e1s el aumento por movilidad del 27% para marzo, abril y mayo&nbsp;<\/strong>que se oficializ\u00f3 este mi\u00e9rcoles.<\/p>\n\n\n\n<p>&#8220;El\u00a0<strong>bono estaba en $55.000<\/strong>, se va a ir m\u00e1s o menos a $70.000, es decir, que\u00a0<strong>va a estar m\u00e1s o menos en $205.000 la jubilaci\u00f3n m\u00ednima&#8221;,\u00a0<\/strong>expres\u00f3 el ministro del Palacio de Hacienda.<\/p>\n\n\n\n<h2 class=\"wp-block-heading\">Luis Caputo habl\u00f3 de la dif\u00edcil transici\u00f3n<\/h2>\n\n\n\n<p>\u201cSi las cosas sal\u00edan bien dijimos que iba a ser un a\u00f1o duro, las cosas est\u00e1n mejorando m\u00e1s de lo previsto y creemos que en el \u00faltimo trimestre del a\u00f1o habr\u00e1 una recuperaci\u00f3n\u201d, dijo Caputo.<\/p>\n\n\n\n<p>Sostuvo que \u201chay que ser disciplinado\u201d y se\u00f1al\u00f3 que espera que la inflaci\u00f3n de<strong>&nbsp;febrero \u201ccierre con menos de un 15%, y para el primer semestre en un d\u00edgito\u201d.<\/strong><\/p>\n\n\n\n<p>Sobre el paro ferroviario, Caputo consider\u00f3 que fue \u201c<strong>un paro raro, pol\u00edtico, un solo gremio decidi\u00f3 hacer el paro igualmente cuando se estaba dialogando\u201d.<\/strong><\/p>\n\n\n\n<p>\u201c<strong>Se despertaron todos ahora.<\/strong>&nbsp;Creo que la gente se da cuenta, porque es demasiado obvio. La mayor\u00eda del pa\u00eds vot\u00f3 un cambio y hay otra gente que va a trabajar para que no haya un cambio\u201d, se\u00f1al\u00f3<em>.<\/em><\/p>\n\n\n\n<p>\u201cEl Presidente siempre dijo que iba a ser duro, si uno pudiera salir de tantas d\u00e9cadas de desastre en dos meses, ser\u00eda f\u00e1cil.\u00a0<strong>Estamos haciendo lo imposible para que esta transici\u00f3n sea lo menos gravosa, la alternativa era la hiperinflaci\u00f3n<\/strong>\u201d, se\u00f1al\u00f3.<\/p>\n\n\n\n<p>Caputo dijo que \u201ctodas las miradas del mundo est\u00e1n puestas en la Argentina y que mucha gente est\u00e1 preguntando para venir a invertir en la Argentina\u201d.<\/p>\n\n\n\n<p>\u201cTenemos un presidente que es un polo de atracci\u00f3n en la Argentina\u201d, destac\u00f3 Caputo, y mencion\u00f3 a empresas de energ\u00eda y miner\u00eda.&nbsp;<strong>&#8220;Milei es una persona que est\u00e1 fijando una agenda que genera un inter\u00e9s impresionante, mi admiraci\u00f3n por el presidente es total&#8221;<\/strong>, destac\u00f3.<\/p>\n\n\n\n<p>Caputo dijo que el FMI est\u00e1&nbsp;<strong>\u201cm\u00e1s que impresionado por lo que est\u00e1 haciendo la Argentina\u201d<\/strong>&nbsp;y dijo que es&nbsp;<strong>\u201cm\u00e1s de lo que hubiese pedido el Fondo\u201d.<\/strong><\/p>\n\n\n\n<p>Dijo que el organismo est\u00e1&nbsp;<strong>\u201cabierto a explorar un nuevo acuerdo para ver si hay algo mejor que podamos hacer para los argentino\u201d.<\/strong><\/p>\n\n\n\n<p><strong>\u201cSi es un acuerdo mejor que implique m\u00e1s desembolsos, mejor\u201d<\/strong>, dijo Caputo.<\/p>\n\n\n\n<p>Con respecto a la canasta escolar, dijo que se est\u00e1 analizando una ayuda para la clase media que se implementar\u00e1 a trav\u00e9s de la ANSES.<\/p>\n\n\n\n<h2 class=\"wp-block-heading\">Duro ataque de Luis Caputo a Juan Grabois<\/h2>\n\n\n\n<p><strong>\u201cHoy nos enteramos de que Juan Grabois, quien fue candidato a presidente por el kirchnerismo, manej\u00f3 $500.000 millones\u201d<\/strong>, en un fondo fiduciario.<\/p>\n\n\n\n<p>Recalc\u00f3 que eso \u201cestaba mal como todos los fideicomisos. \u00bfPor qu\u00e9 tiene que haber cajas que la gente no controle?\u201d.<\/p>\n\n\n\n<p>Caputo se quej\u00f3 de que es \u201cun mont\u00f3n de plata por afuera del Estado\u201d.<\/p>\n\n\n\n<p><strong>Fuente: diariouno.com.ar<\/strong><\/p>\n","protected":false},"excerpt":{"rendered":"<p>El\u00a0ministro de Econom\u00eda,\u00a0Luis Caputo,\u00a0anunci\u00f3 este mi\u00e9rcoles un\u00a0bono de $70.000 para los jubilados que cobren la m\u00ednima\u00a0a partir de marzo. &#8220;Con este bono la jubilaci\u00f3n m\u00ednima, que con el aumento del 27,18% se va a $130.000, totalizar\u00e1 casi $205.000&#8221;, expres\u00f3 Caputo durante un reportaje con el canal de noticias TN. El \u00faltimo bono que se otorg\u00f3 [&hellip;]<\/p>\n","protected":false},"author":2,"featured_media":5536,"comment_status":"open","ping_status":"open","sticky":false,"template":"","format":"standard","meta":[],"categories":[75],"tags":[],"_links":{"self":[{"href":"https:\/\/pasaenmendoza.com\/index.php?rest_route=\/wp\/v2\/posts\/5535"}],"collection":[{"href":"https:\/\/pasaenmendoza.com\/index.php?rest_route=\/wp\/v2\/posts"}],"about":[{"href":"https:\/\/pasaenmendoza.com\/index.php?rest_route=\/wp\/v2\/types\/post"}],"author":[{"embeddable":true,"href":"https:\/\/pasaenmendoza.com\/index.php?rest_route=\/wp\/v2\/users\/2"}],"replies":[{"embeddable":true,"href":"https:\/\/pasaenmendoza.com\/index.php?rest_route=%2Fwp%2Fv2%2Fcomments&post=5535"}],"version-history":[{"count":1,"href":"https:\/\/pasaenmendoza.com\/index.php?rest_route=\/wp\/v2\/posts\/5535\/revisions"}],"predecessor-version":[{"id":5537,"href":"https:\/\/pasaenmendoza.com\/index.php?rest_route=\/wp\/v2\/posts\/5535\/revisions\/5537"}],"wp:featuredmedia":[{"embeddable":true,"href":"https:\/\/pasaenmendoza.com\/index.php?rest_route=\/wp\/v2\/media\/5536"}],"wp:attachment":[{"href":"https:\/\/pasaenmendoza.com\/index.php?rest_route=%2Fwp%2Fv2%2Fmedia&parent=5535"}],"wp:term":[{"taxonomy":"category","embeddable":true,"href":"https:\/\/pasaenmendoza.com\/index.php?rest_route=%2Fwp%2Fv2%2Fcategories&post=5535"},{"taxonomy":"post_tag","embeddable":true,"href":"https:\/\/pasaenmendoza.com\/index.php?rest_route=%2Fwp%2Fv2%2Ftags&post=5535"}],"curies":[{"name":"wp","href":"https:\/\/api.w.org\/{rel}","templated":true}]}}