{"id":5539,"date":"2024-02-22T13:01:32","date_gmt":"2024-02-22T12:01:32","guid":{"rendered":"https:\/\/pasaenmendoza.com\/?p=5539"},"modified":"2024-02-22T13:01:34","modified_gmt":"2024-02-22T12:01:34","slug":"con-una-agenda-de-gestion-alfredo-cornejo-marca-presencia-en-el-sur","status":"publish","type":"post","link":"https:\/\/pasaenmendoza.com\/?p=5539","title":{"rendered":"Con una agenda de gesti\u00f3n, Alfredo Cornejo marca presencia en el sur"},"content":{"rendered":"\n<p>Durante la semana han ido a San Rafael funcionarios de primera l\u00ednea y este jueves el gobernador estar\u00e1 en el Valle Grande junto a Hebe Casado, Mercedes Rus y Gabriela Testa.<\/p>\n\n\n\n<p>Como si fuera un a\u00f1o electoral, el Gobierno Provincial marca presencia en el sur de Mendoza con una agenda centrada en la gesti\u00f3n y en la participaci\u00f3n de los ministros m\u00e1s importantes del gabinete de\u00a0<strong>Alfredo Cornejo<\/strong>. Particularmente, esta semana se convirti\u00f3 en un desfile de funcionarios en\u00a0<strong>San Rafael\u00a0<\/strong>que cerrar\u00e1 hoy con la visita del gobernador al Valle Grande para poner en funcionamiento una ampliaci\u00f3n del sistema Tetra.\u00a0<\/p>\n\n\n\n<p>En casi todas las actividades hay un factor com\u00fan: la vicegobernadora Hebe Casado. La m\u00e9dica sanrafaelina est\u00e1 haciendo cumplir su promesa de gestionar desde distintos puntos de la provincia y pasar mucho tiempo en contacto con los vecinos de\u00a0<strong>San Rafael<\/strong>\u00a0para federalizar el gobierno.<\/p>\n\n\n\n<p>Aunque Hebe Casado no puso una oficina en\u00a0<strong>San Rafael<\/strong>\u00a0-para ahorrar en alquiler y personal- si recorre departamentos, oficinas provinciales, hospitales y zonas alejadas. Ese impulso viajero parece haberse contagiado a todo el gabinete de\u00a0<strong>Alfredo Cornejo<\/strong>\u00a0que cop\u00f3\u00a0<strong>San Rafael\u00a0<\/strong>en los \u00faltimos d\u00edas.<\/p>\n\n\n\n<p><strong>San Rafael<\/strong>\u00a0no es un departamento m\u00e1s, es uno de los m\u00e1s grandes y poblados de la provincia y es una de las comunas que es gobernada por el peronismo desde hace m\u00e1s de 20 a\u00f1os.\u00a0<\/p>\n\n\n\n<h2 class=\"wp-block-heading\">La agenda del Ejecutivo en San Rafael<\/h2>\n\n\n\n<p>Los primeros d\u00edas de febrero,\u00a0<strong>San Rafael<\/strong>\u00a0fue el departamento elegido por Tadeo Garc\u00eda Zalazar para presentar los lineamientos pol\u00edticos y pedag\u00f3gicos que se implementar\u00e1n durante el ciclo lectivo 2024. El ministro de Educaci\u00f3n, Cultura, Infancias y DGE estuvo acompa\u00f1ado por\u00a0<strong>Alfredo Cornejo<\/strong>.\u00a0<\/p>\n\n\n\n<p>Este martes, lleg\u00f3 a\u00a0<strong>San Rafael<\/strong>\u00a0el ministro de Gobierno, Infraestructura y Desarrollo Territorial, Natalio Mema, para participar de un operativo del Registro Civil M\u00f3vil en Cuadro Nacional.\u00a0<\/p>\n\n\n\n<p>Natalio Mema insisti\u00f3 en la idea de federalizar los servicios. \u201cNuestro objetivo es agilizar la gesti\u00f3n del Estado para los vecinos de cada distrito de nuestra provincia y acercar los servicios a las personas a trav\u00e9s, por ejemplo, del Registro Civil M\u00f3vil\u201d, dijo el funcionario provincial.<\/p>\n\n\n\n<p>Ayer fue el turno del ministro de Salud y Deportes. Rodolfo Montero estuvo en el Hospital Teodoro J. Schestakow poniendo en funciones a la nueva directora, Gabriela Funes. En la actividad tambi\u00e9n particip\u00f3 Hebe Casado.\u00a0<\/p>\n\n\n\n<p>En di\u00e1logo con los medios, Montero habl\u00f3 sobre el paquete de leyes del Plan de Salud que desde hoy se comenzar\u00e1 a discutir en la Legislatura provincial. Tambi\u00e9n se\u00f1al\u00f3 la importancia de la federalizaci\u00f3n. \u201cEl debate est\u00e1 abierto para todos aquellos que quieran participar y por eso tambi\u00e9n vamos a hacer discusiones regionales con los profesionales. No va a ser solo una discusi\u00f3n en la Legislatura para discutir una a una todas las leyes art\u00edculo por art\u00edculo y vamos a recibir todas las sugerencias que correspondan\u201d, dijo Rodolfo Montero.<\/p>\n\n\n\n<p>Hoy el cierre de la semana de visitas estar\u00e1 a cargo del gobernador<strong>\u00a0Alfredo Cornejo<\/strong>\u00a0que inaugurar\u00e1 la ampliaci\u00f3n del sistema Tetra-911 junto a la ministra de Seguridad y Justicia, Mercedes Rus, y a la titular del Emetur, Gabriela Testa. Las actividades se centrar\u00e1n en el Valle Grande donde se pondr\u00e1 en funcionamiento la nueva antena del sistema Tetra.\u00a0<\/p>\n\n\n\n<p>FUENTE: MDZonline.<\/p>\n","protected":false},"excerpt":{"rendered":"<p>Durante la semana han ido a San Rafael funcionarios de primera l\u00ednea y este jueves el gobernador estar\u00e1 en el Valle Grande junto a Hebe Casado, Mercedes Rus y Gabriela Testa. Como si fuera un a\u00f1o electoral, el Gobierno Provincial marca presencia en el sur de Mendoza con una agenda centrada en la gesti\u00f3n y [&hellip;]<\/p>\n","protected":false},"author":2,"featured_media":5545,"comment_status":"open","ping_status":"open","sticky":true,"template":"","format":"standard","meta":[],"categories":[47],"tags":[],"_links":{"self":[{"href":"https:\/\/pasaenmendoza.com\/index.php?rest_route=\/wp\/v2\/posts\/5539"}],"collection":[{"href":"https:\/\/pasaenmendoza.com\/index.php?rest_route=\/wp\/v2\/posts"}],"about":[{"href":"https:\/\/pasaenmendoza.com\/index.php?rest_route=\/wp\/v2\/types\/post"}],"author":[{"embeddable":true,"href":"https:\/\/pasaenmendoza.com\/index.php?rest_route=\/wp\/v2\/users\/2"}],"replies":[{"embeddable":true,"href":"https:\/\/pasaenmendoza.com\/index.php?rest_route=%2Fwp%2Fv2%2Fcomments&post=5539"}],"version-history":[{"count":1,"href":"https:\/\/pasaenmendoza.com\/index.php?rest_route=\/wp\/v2\/posts\/5539\/revisions"}],"predecessor-version":[{"id":5547,"href":"https:\/\/pasaenmendoza.com\/index.php?rest_route=\/wp\/v2\/posts\/5539\/revisions\/5547"}],"wp:featuredmedia":[{"embeddable":true,"href":"https:\/\/pasaenmendoza.com\/index.php?rest_route=\/wp\/v2\/media\/5545"}],"wp:attachment":[{"href":"https:\/\/pasaenmendoza.com\/index.php?rest_route=%2Fwp%2Fv2%2Fmedia&parent=5539"}],"wp:term":[{"taxonomy":"category","embeddable":true,"href":"https:\/\/pasaenmendoza.com\/index.php?rest_route=%2Fwp%2Fv2%2Fcategories&post=5539"},{"taxonomy":"post_tag","embeddable":true,"href":"https:\/\/pasaenmendoza.com\/index.php?rest_route=%2Fwp%2Fv2%2Ftags&post=5539"}],"curies":[{"name":"wp","href":"https:\/\/api.w.org\/{rel}","templated":true}]}}