{"id":554,"date":"2023-08-09T14:49:28","date_gmt":"2023-08-09T12:49:28","guid":{"rendered":"https:\/\/pasaenmendoza.com\/?p=554"},"modified":"2023-08-09T14:49:29","modified_gmt":"2023-08-09T12:49:29","slug":"alerta-amarilla-de-zonda-hoy-en-mendoza-a-que-hora-y-en-que-zona","status":"publish","type":"post","link":"https:\/\/pasaenmendoza.com\/?p=554","title":{"rendered":"Alerta amarilla de Zonda hoy en Mendoza: a qu\u00e9 hora y en qu\u00e9 zona"},"content":{"rendered":"\n<p>El\u00a0<strong>viento Zonda<\/strong> amenaza con afectar\u00a0<strong>en la tarde del mi\u00e9rcoles al sur de Mendoza<\/strong>, antes de ampliarse a toda la zona precordillerana el d\u00eda jueves.<\/p>\n\n\n\n<p>El\u00a0<strong>Servicio<\/strong>\u00a0<strong>Meteorol\u00f3gico Nacional<\/strong>\u00a0emiti\u00f3 una\u00a0<strong>alerta<\/strong>\u00a0<strong>amarilla\u00a0<\/strong>para hoy en la\u00a0<strong>zona baja de Malarg\u00fce.<\/strong>\u00a0El viento seco y c\u00e1lido podr\u00eda darse en horas de la tarde y noche: \u201cEl \u00e1rea ser\u00e1 afectada por vientos intensos del sector oeste con r\u00e1fagas. En la zona cordillerana se estiman velocidades entre 60 y 75 km\/h, con r\u00e1fagas que pueden alcanzar los 100 km\/h. Mientras que en el resto del \u00e1rea las velocidades oscilar\u00e1n entre 45 y 60 km\/h, con r\u00e1fagas que pueden alcanzar los 75 km\/h\u201d.<\/p>\n\n\n\n<p>En cuanto al pron\u00f3stico para hoy se espera una jornada con cielo parcialmente nublado y una m\u00e1xima de\u00a0<strong>21\u00b0C<\/strong>\u00a0en el Gran Mendoza.<\/p>\n\n\n\n<p>El\u00a0<strong>viento Zonda<\/strong> amenaza con afectar\u00a0<strong>en la tarde del mi\u00e9rcoles al sur de Mendoza<\/strong>, antes de ampliarse a toda la zona precordillerana el d\u00eda jueves.<\/p>\n\n\n\n<p>El&nbsp;<strong>Servicio<\/strong>&nbsp;<strong>Meteorol\u00f3gico Nacional<\/strong>&nbsp;emiti\u00f3 una&nbsp;<strong>alerta<\/strong>&nbsp;<strong>amarilla&nbsp;<\/strong>para hoy en la&nbsp;<strong>zona baja de Malarg\u00fce.<\/strong>&nbsp;El viento seco y c\u00e1lido podr\u00eda darse en horas de la tarde y noche: \u201cEl \u00e1rea ser\u00e1 afectada por vientos intensos del sector oeste con r\u00e1fagas. En la zona cordillerana se estiman velocidades entre 60 y 75 km\/h, con r\u00e1fagas que pueden alcanzar los 100 km\/h. Mientras que en el resto del \u00e1rea las velocidades oscilar\u00e1n entre 45 y 60 km\/h, con r\u00e1fagas que pueden alcanzar los 75 km\/h\u201d.<\/p>\n\n\n\n<p>En cuanto al pron\u00f3stico para hoy se espera una jornada con cielo parcialmente nublado y una m\u00e1xima de\u00a0<strong>21\u00b0C<\/strong>\u00a0en el Gran Mendoza, <strong>el Zonda se sentir\u00e1 con m\u00e1s fuerza en casi todo el territorio provincial en el d\u00eda jueves,<\/strong>\u00a0con r\u00e1fagas que podr\u00edan alcanzara los 75 km\/h.<\/p>\n\n\n\n<p>Debido a esta situaci\u00f3n, la m\u00e1xima llegar\u00e1 a los<strong>&nbsp;25\u00b0C<\/strong>, mientras que la m\u00ednima ser\u00e1 de 8\u00b0C. Luego se viene&nbsp;<strong>el ingreso de un frente fr\u00edo&nbsp;<\/strong>de cara al&nbsp;<strong>viernes.<\/strong><\/p>\n\n\n\n<h3 class=\"wp-block-heading\">PASO CRISTO REDENTOR CERRADO MI\u00c9RCOLES Y JUEVES POR NEVADAS<\/h3>\n\n\n\n<h3 class=\"wp-block-heading\">PASO PEHUENCHE CERRADO POR TIEMPO INDETERMINADO<\/h3>\n\n\n\n<p><strong>Fuente: www.losandes.com.ar<\/strong><\/p>\n","protected":false},"excerpt":{"rendered":"<p>El\u00a0viento Zonda amenaza con afectar\u00a0en la tarde del mi\u00e9rcoles al sur de Mendoza, antes de ampliarse a toda la zona precordillerana el d\u00eda jueves. El\u00a0Servicio\u00a0Meteorol\u00f3gico Nacional\u00a0emiti\u00f3 una\u00a0alerta\u00a0amarilla\u00a0para hoy en la\u00a0zona baja de Malarg\u00fce.\u00a0El viento seco y c\u00e1lido podr\u00eda darse en horas de la tarde y noche: \u201cEl \u00e1rea ser\u00e1 afectada por vientos intensos del sector [&hellip;]<\/p>\n","protected":false},"author":2,"featured_media":556,"comment_status":"open","ping_status":"open","sticky":false,"template":"","format":"standard","meta":[],"categories":[52],"tags":[],"_links":{"self":[{"href":"https:\/\/pasaenmendoza.com\/index.php?rest_route=\/wp\/v2\/posts\/554"}],"collection":[{"href":"https:\/\/pasaenmendoza.com\/index.php?rest_route=\/wp\/v2\/posts"}],"about":[{"href":"https:\/\/pasaenmendoza.com\/index.php?rest_route=\/wp\/v2\/types\/post"}],"author":[{"embeddable":true,"href":"https:\/\/pasaenmendoza.com\/index.php?rest_route=\/wp\/v2\/users\/2"}],"replies":[{"embeddable":true,"href":"https:\/\/pasaenmendoza.com\/index.php?rest_route=%2Fwp%2Fv2%2Fcomments&post=554"}],"version-history":[{"count":3,"href":"https:\/\/pasaenmendoza.com\/index.php?rest_route=\/wp\/v2\/posts\/554\/revisions"}],"predecessor-version":[{"id":559,"href":"https:\/\/pasaenmendoza.com\/index.php?rest_route=\/wp\/v2\/posts\/554\/revisions\/559"}],"wp:featuredmedia":[{"embeddable":true,"href":"https:\/\/pasaenmendoza.com\/index.php?rest_route=\/wp\/v2\/media\/556"}],"wp:attachment":[{"href":"https:\/\/pasaenmendoza.com\/index.php?rest_route=%2Fwp%2Fv2%2Fmedia&parent=554"}],"wp:term":[{"taxonomy":"category","embeddable":true,"href":"https:\/\/pasaenmendoza.com\/index.php?rest_route=%2Fwp%2Fv2%2Fcategories&post=554"},{"taxonomy":"post_tag","embeddable":true,"href":"https:\/\/pasaenmendoza.com\/index.php?rest_route=%2Fwp%2Fv2%2Ftags&post=554"}],"curies":[{"name":"wp","href":"https:\/\/api.w.org\/{rel}","templated":true}]}}