{"id":5543,"date":"2024-02-22T13:01:29","date_gmt":"2024-02-22T12:01:29","guid":{"rendered":"https:\/\/pasaenmendoza.com\/?p=5543"},"modified":"2024-02-22T13:01:31","modified_gmt":"2024-02-22T12:01:31","slug":"upd-vuelve-a-preocupar-el-consumo-de-alcohol-en-la-previa-al-inicio-de-clases","status":"publish","type":"post","link":"https:\/\/pasaenmendoza.com\/?p=5543","title":{"rendered":"UPD: vuelve a preocupar el consumo de alcohol en la previa al inicio de clases"},"content":{"rendered":"\n<p>A d\u00edas de que inicien las clases, el Gobierno lanz\u00f3 este mi\u00e9rcoles una campa\u00f1a para prevenir situaciones inconvenientes en los festejos del llamado<strong>&nbsp;\u00faltimo primer d\u00eda (UPD)<\/strong>.<\/p>\n\n\n\n<p>La celebraci\u00f3n es llevada adelante por alumnos que cursar\u00e1n el \u00faltimo a\u00f1o del nivel Secundario y que se juntan la noche previa al comienzo del ciclo lectivo. Habitualmente se consume alcohol y al otro d\u00eda concurren todos juntos a la escuela.&nbsp;<\/p>\n\n\n\n<p>\u201c<em>Dialogar, acompa\u00f1ar, asegurarse que reciban atenci\u00f3n m\u00e9dica y contenci\u00f3n familiar son herramientas muy importantes para que entre todos nuestros j\u00f3venes puedan festejar<\/em>\u201c, indicaron desde el Gobierno.<\/p>\n\n\n\n<p>La Subsecretaria de Educaci\u00f3n de la Direcci\u00f3n General de Escuelas emiti\u00f3 el Memor\u00e1ndum 2024, donde establece que se acompa\u00f1ar\u00e1 a las escuelas si deben actuar ante una situaci\u00f3n emergente producto de este festejo.<\/p>\n\n\n\n<p>\u201cLos establecimientos cuentan con recursos para trabajar junto a los j\u00f3venes el tema de consumo desde la prevenci\u00f3n y desde la intervenci\u00f3n directa\u201d, se indic\u00f3 en un comunicado.<\/p>\n\n\n\n<p>El memor\u00e1ndum establece que si la escuela se encuentra ante una situaci\u00f3n de intoxicaci\u00f3n de estudiantes dentro de la instituci\u00f3n, se debe activar el protocolo y gu\u00eda de procedimientos ante situaciones emergentes, Decreto 1187\/18, que tiene como objetivo promover el cuidado de los estudiantes.<\/p>\n\n\n\n<p>Adem\u00e1s, el memor\u00e1ndum propone actividades para compartir y generar con los estudiantes,\u00a0por el \u00e1rea de Prevenci\u00f3n del Plan Provincial de Adicciones y el programa de Prevenci\u00f3n de Consumos Problem\u00e1ticos de la Direcci\u00f3n de Acompa\u00f1amiento Escolar.<\/p>\n\n\n\n<p><strong>Fuente: www.elsol.com.ar<\/strong><\/p>\n","protected":false},"excerpt":{"rendered":"<p>A d\u00edas de que inicien las clases, el Gobierno lanz\u00f3 este mi\u00e9rcoles una campa\u00f1a para prevenir situaciones inconvenientes en los festejos del llamado&nbsp;\u00faltimo primer d\u00eda (UPD). La celebraci\u00f3n es llevada adelante por alumnos que cursar\u00e1n el \u00faltimo a\u00f1o del nivel Secundario y que se juntan la noche previa al comienzo del ciclo lectivo. Habitualmente se [&hellip;]<\/p>\n","protected":false},"author":2,"featured_media":5544,"comment_status":"open","ping_status":"open","sticky":false,"template":"","format":"standard","meta":[],"categories":[50],"tags":[],"_links":{"self":[{"href":"https:\/\/pasaenmendoza.com\/index.php?rest_route=\/wp\/v2\/posts\/5543"}],"collection":[{"href":"https:\/\/pasaenmendoza.com\/index.php?rest_route=\/wp\/v2\/posts"}],"about":[{"href":"https:\/\/pasaenmendoza.com\/index.php?rest_route=\/wp\/v2\/types\/post"}],"author":[{"embeddable":true,"href":"https:\/\/pasaenmendoza.com\/index.php?rest_route=\/wp\/v2\/users\/2"}],"replies":[{"embeddable":true,"href":"https:\/\/pasaenmendoza.com\/index.php?rest_route=%2Fwp%2Fv2%2Fcomments&post=5543"}],"version-history":[{"count":1,"href":"https:\/\/pasaenmendoza.com\/index.php?rest_route=\/wp\/v2\/posts\/5543\/revisions"}],"predecessor-version":[{"id":5546,"href":"https:\/\/pasaenmendoza.com\/index.php?rest_route=\/wp\/v2\/posts\/5543\/revisions\/5546"}],"wp:featuredmedia":[{"embeddable":true,"href":"https:\/\/pasaenmendoza.com\/index.php?rest_route=\/wp\/v2\/media\/5544"}],"wp:attachment":[{"href":"https:\/\/pasaenmendoza.com\/index.php?rest_route=%2Fwp%2Fv2%2Fmedia&parent=5543"}],"wp:term":[{"taxonomy":"category","embeddable":true,"href":"https:\/\/pasaenmendoza.com\/index.php?rest_route=%2Fwp%2Fv2%2Fcategories&post=5543"},{"taxonomy":"post_tag","embeddable":true,"href":"https:\/\/pasaenmendoza.com\/index.php?rest_route=%2Fwp%2Fv2%2Ftags&post=5543"}],"curies":[{"name":"wp","href":"https:\/\/api.w.org\/{rel}","templated":true}]}}