{"id":5548,"date":"2024-02-22T13:05:20","date_gmt":"2024-02-22T12:05:20","guid":{"rendered":"https:\/\/pasaenmendoza.com\/?p=5548"},"modified":"2024-02-22T13:05:22","modified_gmt":"2024-02-22T12:05:22","slug":"cornejo-confirmo-a-calipo-como-director-de-la-policia","status":"publish","type":"post","link":"https:\/\/pasaenmendoza.com\/?p=5548","title":{"rendered":"Cornejo confirm\u00f3 a Calipo como director de la Polic\u00eda"},"content":{"rendered":"\n<p>El comisario retirado junto a Roberto Favaro se mantienen al frente de la tropa policial. M\u00e1s designaciones en el Ministerio de Seguridad a cargo de Mercedes Rus.<\/p>\n\n\n\n<p>A trav\u00e9s de un decreto, el gobernador&nbsp;<strong>Alfredo Cornejo<\/strong>&nbsp;ratific\u00f3 al comisario retirado&nbsp;<strong>Marcelo Calipo<\/strong>&nbsp;como director general de la&nbsp;<strong>Polic\u00eda<\/strong>, tras un d\u00eda donde circularon versiones sobre su salida que, desde el Gobierno, rechazaron de plano.<\/p>\n\n\n\n<p>Se trata del decreto 321 que fue publicado este jueves en el&nbsp;<strong>Bolet\u00edn Oficial<\/strong>&nbsp;y que establece la primera plana del&nbsp;<strong>Ministerio de Seguridad<\/strong>&nbsp;a cargo de&nbsp;<strong>Mercedes Rus<\/strong>, que tambi\u00e9n firma la norma.<\/p>\n\n\n\n<p>Calipo aparece nombrado en el art\u00edculo quinto de la norma, y en el siguiente se mencion\u00f3 al comisario retirado\u00a0<strong>Roberto Favaro<\/strong>\u00a0como subdirector. Rus ya hab\u00eda anunciado en enero que los mantendr\u00eda al frente de los uniformados.<\/p>\n\n\n\n<p>La norma tambi\u00e9n confirma otros cargos ministeriales. Entre ellos, a Marcelo Hugo Penutto como director general de Administraci\u00f3n; a&nbsp;<strong>Enrique Eduardo Orellana<\/strong>&nbsp;como director general del&nbsp;<strong>Servicio Penitenciario<\/strong>; a Mar\u00eda Alejandra Llarena como subdirectora del Servicio Penitenciario.<\/p>\n\n\n\n<p>En tanto, a&nbsp;<strong>Jos\u00e9 Alejandro Pozzi<\/strong>&nbsp;se lo conforma como asesor con funciones en&nbsp;<strong>Diversi\u00f3n Nocturna<\/strong>, dependiente de la Direcci\u00f3n General de Relaciones con la Comunidad.<\/p>\n\n\n\n<p>Otro que sigue es\u00a0<strong>Adolfo Daniel Burrieza<\/strong>, como director general de\u00a0<strong>Defensa Civil<\/strong>.<\/p>\n\n\n\n<p>Una pariente del gobernador Rodolfo Suarez tambi\u00e9n ser\u00e1 parte de la estructura pol\u00edtica del ministerio: la ex senadora&nbsp;<strong>Milagros Suarez<\/strong>&nbsp;fue nombrada como directora de Participaci\u00f3n Comunitaria.<\/p>\n\n\n\n<p>En tanto, la doctora Elizabeth Edith Ormezzano quedar\u00e1 al frente de la Direcci\u00f3n de Asistencia a la V\u00edctima.<\/p>\n\n\n\n<p>FUENTE: Elsol.com.ar <\/p>\n","protected":false},"excerpt":{"rendered":"<p>El comisario retirado junto a Roberto Favaro se mantienen al frente de la tropa policial. M\u00e1s designaciones en el Ministerio de Seguridad a cargo de Mercedes Rus. A trav\u00e9s de un decreto, el gobernador&nbsp;Alfredo Cornejo&nbsp;ratific\u00f3 al comisario retirado&nbsp;Marcelo Calipo&nbsp;como director general de la&nbsp;Polic\u00eda, tras un d\u00eda donde circularon versiones sobre su salida que, desde el [&hellip;]<\/p>\n","protected":false},"author":2,"featured_media":5550,"comment_status":"open","ping_status":"open","sticky":true,"template":"","format":"standard","meta":[],"categories":[47],"tags":[],"_links":{"self":[{"href":"https:\/\/pasaenmendoza.com\/index.php?rest_route=\/wp\/v2\/posts\/5548"}],"collection":[{"href":"https:\/\/pasaenmendoza.com\/index.php?rest_route=\/wp\/v2\/posts"}],"about":[{"href":"https:\/\/pasaenmendoza.com\/index.php?rest_route=\/wp\/v2\/types\/post"}],"author":[{"embeddable":true,"href":"https:\/\/pasaenmendoza.com\/index.php?rest_route=\/wp\/v2\/users\/2"}],"replies":[{"embeddable":true,"href":"https:\/\/pasaenmendoza.com\/index.php?rest_route=%2Fwp%2Fv2%2Fcomments&post=5548"}],"version-history":[{"count":1,"href":"https:\/\/pasaenmendoza.com\/index.php?rest_route=\/wp\/v2\/posts\/5548\/revisions"}],"predecessor-version":[{"id":5551,"href":"https:\/\/pasaenmendoza.com\/index.php?rest_route=\/wp\/v2\/posts\/5548\/revisions\/5551"}],"wp:featuredmedia":[{"embeddable":true,"href":"https:\/\/pasaenmendoza.com\/index.php?rest_route=\/wp\/v2\/media\/5550"}],"wp:attachment":[{"href":"https:\/\/pasaenmendoza.com\/index.php?rest_route=%2Fwp%2Fv2%2Fmedia&parent=5548"}],"wp:term":[{"taxonomy":"category","embeddable":true,"href":"https:\/\/pasaenmendoza.com\/index.php?rest_route=%2Fwp%2Fv2%2Fcategories&post=5548"},{"taxonomy":"post_tag","embeddable":true,"href":"https:\/\/pasaenmendoza.com\/index.php?rest_route=%2Fwp%2Fv2%2Ftags&post=5548"}],"curies":[{"name":"wp","href":"https:\/\/api.w.org\/{rel}","templated":true}]}}