{"id":5549,"date":"2024-02-22T13:05:29","date_gmt":"2024-02-22T12:05:29","guid":{"rendered":"https:\/\/pasaenmendoza.com\/?p=5549"},"modified":"2024-02-22T13:05:31","modified_gmt":"2024-02-22T12:05:31","slug":"jueves-fresco-y-lluvioso-en-mendoza","status":"publish","type":"post","link":"https:\/\/pasaenmendoza.com\/?p=5549","title":{"rendered":"Jueves fresco y lluvioso en Mendoza"},"content":{"rendered":"\n<p>La nueva&nbsp;<strong>ola de calor que soportamos los \u00faltimos d\u00edas lleg\u00f3 a su fin&nbsp;<\/strong>y para este jueves se espera una m\u00e1xima de 25\u00b0.<\/p>\n\n\n\n<p>El Servicio Meteorol\u00f3gico Nacional prev\u00e9 para hoy un d\u00eda fresco y nublado con precipitaciones variadas. Hay&nbsp;<strong>alerta amarilla en los departamentos del este por tormentas fuertes.<\/strong>&nbsp;<\/p>\n\n\n\n<p>Se esperan tormentas aisladas durante casi todo el d\u00eda y tambi\u00e9n hay\u00a0<strong>alerta por vientos fuertes.<\/strong>\u00a0En este caso, el viento corre desde el sureste.\u00a0<\/p>\n\n\n\n<p>En tanto que, para ma\u00f1ana viernes, las previsiones indican un leve ascenso de temperatura, con una\u00a0<strong>m\u00e1xima de 27\u00b0\u00a0<\/strong>y cielo parcialmente nublado.\u00a0<\/p>\n\n\n\n<p><strong>Fuente: www.mendozapost.com<\/strong><\/p>\n","protected":false},"excerpt":{"rendered":"<p>La nueva&nbsp;ola de calor que soportamos los \u00faltimos d\u00edas lleg\u00f3 a su fin&nbsp;y para este jueves se espera una m\u00e1xima de 25\u00b0. El Servicio Meteorol\u00f3gico Nacional prev\u00e9 para hoy un d\u00eda fresco y nublado con precipitaciones variadas. Hay&nbsp;alerta amarilla en los departamentos del este por tormentas fuertes.&nbsp; Se esperan tormentas aisladas durante casi todo el [&hellip;]<\/p>\n","protected":false},"author":2,"featured_media":5552,"comment_status":"open","ping_status":"open","sticky":false,"template":"","format":"standard","meta":[],"categories":[52],"tags":[],"_links":{"self":[{"href":"https:\/\/pasaenmendoza.com\/index.php?rest_route=\/wp\/v2\/posts\/5549"}],"collection":[{"href":"https:\/\/pasaenmendoza.com\/index.php?rest_route=\/wp\/v2\/posts"}],"about":[{"href":"https:\/\/pasaenmendoza.com\/index.php?rest_route=\/wp\/v2\/types\/post"}],"author":[{"embeddable":true,"href":"https:\/\/pasaenmendoza.com\/index.php?rest_route=\/wp\/v2\/users\/2"}],"replies":[{"embeddable":true,"href":"https:\/\/pasaenmendoza.com\/index.php?rest_route=%2Fwp%2Fv2%2Fcomments&post=5549"}],"version-history":[{"count":1,"href":"https:\/\/pasaenmendoza.com\/index.php?rest_route=\/wp\/v2\/posts\/5549\/revisions"}],"predecessor-version":[{"id":5554,"href":"https:\/\/pasaenmendoza.com\/index.php?rest_route=\/wp\/v2\/posts\/5549\/revisions\/5554"}],"wp:featuredmedia":[{"embeddable":true,"href":"https:\/\/pasaenmendoza.com\/index.php?rest_route=\/wp\/v2\/media\/5552"}],"wp:attachment":[{"href":"https:\/\/pasaenmendoza.com\/index.php?rest_route=%2Fwp%2Fv2%2Fmedia&parent=5549"}],"wp:term":[{"taxonomy":"category","embeddable":true,"href":"https:\/\/pasaenmendoza.com\/index.php?rest_route=%2Fwp%2Fv2%2Fcategories&post=5549"},{"taxonomy":"post_tag","embeddable":true,"href":"https:\/\/pasaenmendoza.com\/index.php?rest_route=%2Fwp%2Fv2%2Ftags&post=5549"}],"curies":[{"name":"wp","href":"https:\/\/api.w.org\/{rel}","templated":true}]}}