{"id":5553,"date":"2024-02-22T13:09:26","date_gmt":"2024-02-22T12:09:26","guid":{"rendered":"https:\/\/pasaenmendoza.com\/?p=5553"},"modified":"2024-02-22T13:09:28","modified_gmt":"2024-02-22T12:09:28","slug":"las-criticas-de-sagasti-tras-el-crimen-de-rocio-flores-en-las-heras","status":"publish","type":"post","link":"https:\/\/pasaenmendoza.com\/?p=5553","title":{"rendered":"Las cr\u00edticas de Sagasti tras el crimen de Roc\u00edo Flores en Las Heras"},"content":{"rendered":"\n<p>La senadora nacional de Uni\u00f3n por la Patria,\u00a0<strong>Anabel Fern\u00e1ndez Sagasti, public\u00f3 una cr\u00edtica al Gobierno provincial,\u00a0<\/strong>a ra\u00edz del homicidio de Roc\u00edo Flores, la mujer de 21 a\u00f1os embarazada, que fue asesinada en su domicilio en Las Heras,\u00a0<strong>por una pelea entre bandas.<\/strong><\/p>\n\n\n\n<p><strong>Sagasti se meti\u00f3 en la pol\u00e9mica<\/strong>\u00a0en materia de seguridad,\u00a0<strong>tras los hechos de violencia barriales, que han dejado 8 v\u00edctimas fatales en lo que va de 2024.\u00a0<\/strong><\/p>\n\n\n\n<p>El tr\u00e1gico hecho ocurrido en Las Heras este lunes, en el que agresores no identificados<strong>\u00a0balearon la casa donde resid\u00eda Flores y su pareja, dej\u00f3 como saldo el fallecimiento de la mujer y del beb\u00e9 que estaba gestando<\/strong>, que a pesar de los esfuerzos de los m\u00e9dicos, no pudieron salvarlo.<\/p>\n\n\n\n<p>Este hecho se une a una lista de balaceras por el control de las barriadas populares de Mendoza, que se repiten cada vez m\u00e1s. Para la senadora Sagasti, el caso de Flores\u00a0<strong>&#8220;no es un caso aislado&#8221;<\/strong>, coment\u00f3 y enfatiz\u00f3 que &#8220;los cruces armados entre bandas que se disputan el poder en los barrios y se llevan vidas de mendocinos inocentes\u00a0<strong>se est\u00e1n volviendo moneda corriente&#8221;.<\/strong><\/p>\n\n\n\n<p>Para concluir, la referente del PJ provincial critic\u00f3 al gobierno de\u00a0Alfredo Cornejo\u00a0al se\u00f1alar que\u00a0<strong>&#8220;es alarmante la inacci\u00f3n del gobierno provincial frente a esta ola creciente de violencia&#8221;<\/strong>.<\/p>\n\n\n\n<p>Hasta el momento, por el homicidio de Roc\u00edo Flores se encuentra detenido su pareja, de 27 a\u00f1os, acusado de haber baleado la casa de un integrante de una banda rival d\u00edas atr\u00e1s. Adem\u00e1s, en la tarde de este martes, los investigadores realizaron un procedimiento en el que\u00a0<strong>se detuvo a otro individuo, cuya identidad no fue revelada.\u00a0<\/strong><\/p>\n\n\n\n<p>FUENTE: Mendozapost.<\/p>\n","protected":false},"excerpt":{"rendered":"<p>La senadora nacional de Uni\u00f3n por la Patria,\u00a0Anabel Fern\u00e1ndez Sagasti, public\u00f3 una cr\u00edtica al Gobierno provincial,\u00a0a ra\u00edz del homicidio de Roc\u00edo Flores, la mujer de 21 a\u00f1os embarazada, que fue asesinada en su domicilio en Las Heras,\u00a0por una pelea entre bandas. Sagasti se meti\u00f3 en la pol\u00e9mica\u00a0en materia de seguridad,\u00a0tras los hechos de violencia barriales, [&hellip;]<\/p>\n","protected":false},"author":2,"featured_media":5555,"comment_status":"open","ping_status":"open","sticky":true,"template":"","format":"standard","meta":[],"categories":[47],"tags":[],"_links":{"self":[{"href":"https:\/\/pasaenmendoza.com\/index.php?rest_route=\/wp\/v2\/posts\/5553"}],"collection":[{"href":"https:\/\/pasaenmendoza.com\/index.php?rest_route=\/wp\/v2\/posts"}],"about":[{"href":"https:\/\/pasaenmendoza.com\/index.php?rest_route=\/wp\/v2\/types\/post"}],"author":[{"embeddable":true,"href":"https:\/\/pasaenmendoza.com\/index.php?rest_route=\/wp\/v2\/users\/2"}],"replies":[{"embeddable":true,"href":"https:\/\/pasaenmendoza.com\/index.php?rest_route=%2Fwp%2Fv2%2Fcomments&post=5553"}],"version-history":[{"count":1,"href":"https:\/\/pasaenmendoza.com\/index.php?rest_route=\/wp\/v2\/posts\/5553\/revisions"}],"predecessor-version":[{"id":5556,"href":"https:\/\/pasaenmendoza.com\/index.php?rest_route=\/wp\/v2\/posts\/5553\/revisions\/5556"}],"wp:featuredmedia":[{"embeddable":true,"href":"https:\/\/pasaenmendoza.com\/index.php?rest_route=\/wp\/v2\/media\/5555"}],"wp:attachment":[{"href":"https:\/\/pasaenmendoza.com\/index.php?rest_route=%2Fwp%2Fv2%2Fmedia&parent=5553"}],"wp:term":[{"taxonomy":"category","embeddable":true,"href":"https:\/\/pasaenmendoza.com\/index.php?rest_route=%2Fwp%2Fv2%2Fcategories&post=5553"},{"taxonomy":"post_tag","embeddable":true,"href":"https:\/\/pasaenmendoza.com\/index.php?rest_route=%2Fwp%2Fv2%2Ftags&post=5553"}],"curies":[{"name":"wp","href":"https:\/\/api.w.org\/{rel}","templated":true}]}}