{"id":5557,"date":"2024-02-22T13:14:20","date_gmt":"2024-02-22T12:14:20","guid":{"rendered":"https:\/\/pasaenmendoza.com\/?p=5557"},"modified":"2024-02-22T13:14:22","modified_gmt":"2024-02-22T12:14:22","slug":"el-ministro-de-salud-va-este-jueves-a-la-legislatura-para-defender-el-plan-de-cornejo","status":"publish","type":"post","link":"https:\/\/pasaenmendoza.com\/?p=5557","title":{"rendered":"El ministro de Salud va este jueves a la Legislatura para defender el plan de Cornejo"},"content":{"rendered":"\n<p>Comenzar\u00e1n a discutirse tres de los 26 proyectos, en medio de tensi\u00f3n con AMPROS. Ser\u00e1 en comisi\u00f3n conjunta de Salud y se esperan m\u00e1s visitas en las pr\u00f3ximas semanas<\/p>\n\n\n\n<p>Comienza la defensa de la<strong>\u00a0Ley de Salud<\/strong>\u00a0que impuls\u00f3 el gobernador\u00a0<strong>Alfredo Cornejo\u00a0<\/strong>en la\u00a0<strong>Legislatura<\/strong>. Este jueves, el\u00a0<strong>ministro Rodolfo Montero<\/strong>\u00a0ser\u00e1 el primer disertante en acudir a comisiones para respaldar los 26 proyectos y obtener un despacho favorable. Desde el Gabinete aseguraron a uno que \u201cse tomar\u00e1n todo el tiempo posible\u201d para que el proyecto tenga consenso. El gremio est\u00e1 en pie de guerra.<\/p>\n\n\n\n<p><strong>A las diez de la ma\u00f1ana se lo espera a Montero\u00a0<\/strong>en la comisi\u00f3n de Salud de la C\u00e1mara de Senadores, aunque en rigor ser\u00e1 un plenario con miembros de ese mismo \u00f3rgano, pero en Diputados. Esto es porque, de la totalidad de iniciativas del Ejecutivo,<strong>\u00a0s\u00f3lo una ingres\u00f3 por la C\u00e1mara Baja y las 25 restantes lo hicieron por la Alta.\u00a0<\/strong>Por eso se comienza por dichos proyectos y son los senadores quienes convocan.<\/p>\n\n\n\n<p>Concretamente,<strong>&nbsp;han tomado estado parlamentario tres de los casi 30 textos<\/strong>&nbsp;y son los primeros que entrar\u00e1n en discusi\u00f3n. Una es la creaci\u00f3n del Consejo Provincial de Salud (en realidad se modificar\u00eda la ley actual, porque el ente ya existe; otra es la de la modificaci\u00f3n del&nbsp;<strong>R\u00e9gimen de Residencias M\u00e9dicas<\/strong>&nbsp;-muy discutida en 2022 y 2023- y finalmente, quiz\u00e1s la m\u00e1s atrayente para buena parte de la pol\u00edtica y los profesionales:&nbsp;<strong>la discusi\u00f3n de los reg\u00edmenes salariales<\/strong>).<\/p>\n\n\n\n<p>Ser\u00e1 en la Sala de Comisiones del Senado,&nbsp;<strong>en el Primer Piso del nuevo edificio.<\/strong>&nbsp;Tambi\u00e9n estar\u00e1n presentes los miembros de las comisiones de Legislaci\u00f3n y Asuntos Constitucionales y, como siempre que hay debates de esta naturaleza,<strong>&nbsp;todos los que quieran estar presentes para o\u00edr y participar de las discusiones.<\/strong>&nbsp;Se espera que algunos referentes de&nbsp;<strong>AMPROS&nbsp;<\/strong>tambi\u00e9n acudan, aunque esto no fue confirmado por esa entidad.<\/p>\n\n\n\n<p><strong>&#8220;Voy a opinar como ciudadano, antes que como m\u00e9dico o legislador&#8221;,<\/strong>\u00a0dijo el presidente del \u00f3rgano de Salud en el Senado,\u00a0<strong>Abel Freidemberg<\/strong>, quien ma\u00f1ana ser\u00e1 casi el\u00a0<strong>anfitri\u00f3n\u00a0<\/strong>del encuentro: &#8220;Mi opini\u00f3n sobre la ley es s\u00faper positiva. Antes que nada, hay que poner en valor que el Estado est\u00e9 planificando y\u00a0<strong>abordando con una estrategia los problemas de la poblaci\u00f3n.\u00a0<\/strong>Esto ser\u00e1 din\u00e1mico, por supuesto, pero es claro que tiene un norte. No es s\u00f3lo un paquete de proyectos, sino la posibilidad de opinar, analizar y enriquecer un plan sanitario.\u00a0<strong>Y es valios\u00edsimo que participe todo el arco pol\u00edtico, no s\u00f3lo el oficialismo, por supuesto&#8221;.<\/strong><\/p>\n\n\n\n<h2 class=\"wp-block-heading\"><strong>Tensi\u00f3n con AMPROS<\/strong><\/h2>\n\n\n\n<p>El gremio que nuclea a los profesionales de la salud,&nbsp;<strong>AMPROS, ya se puso en pie de guerra frente a la iniciativa. Aseguraron que &#8220;es una trampa y viola derechos&#8221;&nbsp;<\/strong>y se mostraron altamente cr\u00edticos respecto a que pueda haber otro r\u00e9gimen para trabajadores que no sea el convenio colectivo de trabajo que rige actualmente. De hecho, su titular,&nbsp;<strong>Claudia Iturbe, manifest\u00f3 a Diario UNO que \u00e9se marco tiene &#8220;casi car\u00e1cter constitucional&#8221;,<\/strong>&nbsp;por lo que en teor\u00eda no puede ser violado.<\/p>\n\n\n\n<p>Desde el Barrio C\u00edvico contestaron r\u00e1pidamente que<strong>\u00a0no se trata de la eliminaci\u00f3n del convenio<\/strong>, sino de la posibilidad de que los trabajadores opten por otra posibilidad. Precisamente, la establecida por uno de los proyectos que\u00a0<strong>Cornejo impulsa en la Casa de las Leyes<\/strong>\u00a0y que impone Unidades Sanitarias para pagar guardias, consultas y otras labores en el rubro de la salud. El texto dice, eso s\u00ed, que<strong>\u00a0ser\u00e1 el Ejecutivo el que decida los aumentos peri\u00f3dicamente.<\/strong>\u00a0Por eso el enojo gremial, en parte.<\/p>\n\n\n\n<p>En las \u00faltimas horas ese malestar se transform\u00f3 en un pedido concreto:<strong>\u00a0formar parte de la discusi\u00f3n parlamentaria<\/strong>. Se lo reclamaron este martes en una movilizaci\u00f3n frente a la propia Legislatura. Ah\u00ed, Iturbe tambi\u00e9n dijo que hay d\u00e9ficit de camas en terapia intensiva y que la ley -seg\u00fan ella- tiene errores conceptuales: &#8220;<strong>\u00a0Por ejemplo: \u00bfC\u00f3mo se le va a pagar a un m\u00e9dico en Las Loicas, que capaz ve a dos personas por d\u00eda?&#8221;,<\/strong>\u00a0se pregunt\u00f3, ya que el proyecto incluye \u00edtems de productividad.<\/p>\n\n\n\n<p>\u201cLo primero que necesitamos es&nbsp;<strong>ser sensatos a la hora de discutir.<\/strong>&nbsp;No hay que&nbsp;<strong>enfrentar al Gobierno con el gremio<\/strong>, sino buscar consensos. Es justamente lo que busca este plan.&nbsp;<strong>Son ellos los que est\u00e1n se\u00f1alando que se van los m\u00e9dicos a otras provincias&nbsp;<\/strong>y si hay algo que buscan estas propuestas es mejorar las condiciones para que no se vayan m\u00e1s\u201d, hab\u00eda afirmado Montero a este diario, sobre finales de la semana pasada.<\/p>\n\n\n\n<p><strong>\u201cEl m\u00e9dico que ingrese de cero, el que venga de afuera del sector p\u00fablico, va a tener que entrar por concurso,<\/strong>\u00a0eso no se modifica en absoluto\u201d, sum\u00f3 Montero. \u201cLa diferencia es que quien provenga del r\u00e9gimen 27, el convenio actual, conserva su estabilidad por el hecho de que ya lo ten\u00eda.\u00a0<strong>No tendr\u00e1 que concursar<\/strong>\u201d, apunt\u00f3 el funcionario, que este jueves respaldar\u00e1 sus dichos frente a un pu\u00f1ado de legisladores.<\/p>\n\n\n\n<p>FUENTE: Diariouno.com.ar <\/p>\n","protected":false},"excerpt":{"rendered":"<p>Comenzar\u00e1n a discutirse tres de los 26 proyectos, en medio de tensi\u00f3n con AMPROS. Ser\u00e1 en comisi\u00f3n conjunta de Salud y se esperan m\u00e1s visitas en las pr\u00f3ximas semanas Comienza la defensa de la\u00a0Ley de Salud\u00a0que impuls\u00f3 el gobernador\u00a0Alfredo Cornejo\u00a0en la\u00a0Legislatura. Este jueves, el\u00a0ministro Rodolfo Montero\u00a0ser\u00e1 el primer disertante en acudir a comisiones para respaldar [&hellip;]<\/p>\n","protected":false},"author":2,"featured_media":5559,"comment_status":"open","ping_status":"open","sticky":true,"template":"","format":"standard","meta":[],"categories":[47],"tags":[],"_links":{"self":[{"href":"https:\/\/pasaenmendoza.com\/index.php?rest_route=\/wp\/v2\/posts\/5557"}],"collection":[{"href":"https:\/\/pasaenmendoza.com\/index.php?rest_route=\/wp\/v2\/posts"}],"about":[{"href":"https:\/\/pasaenmendoza.com\/index.php?rest_route=\/wp\/v2\/types\/post"}],"author":[{"embeddable":true,"href":"https:\/\/pasaenmendoza.com\/index.php?rest_route=\/wp\/v2\/users\/2"}],"replies":[{"embeddable":true,"href":"https:\/\/pasaenmendoza.com\/index.php?rest_route=%2Fwp%2Fv2%2Fcomments&post=5557"}],"version-history":[{"count":1,"href":"https:\/\/pasaenmendoza.com\/index.php?rest_route=\/wp\/v2\/posts\/5557\/revisions"}],"predecessor-version":[{"id":5560,"href":"https:\/\/pasaenmendoza.com\/index.php?rest_route=\/wp\/v2\/posts\/5557\/revisions\/5560"}],"wp:featuredmedia":[{"embeddable":true,"href":"https:\/\/pasaenmendoza.com\/index.php?rest_route=\/wp\/v2\/media\/5559"}],"wp:attachment":[{"href":"https:\/\/pasaenmendoza.com\/index.php?rest_route=%2Fwp%2Fv2%2Fmedia&parent=5557"}],"wp:term":[{"taxonomy":"category","embeddable":true,"href":"https:\/\/pasaenmendoza.com\/index.php?rest_route=%2Fwp%2Fv2%2Fcategories&post=5557"},{"taxonomy":"post_tag","embeddable":true,"href":"https:\/\/pasaenmendoza.com\/index.php?rest_route=%2Fwp%2Fv2%2Ftags&post=5557"}],"curies":[{"name":"wp","href":"https:\/\/api.w.org\/{rel}","templated":true}]}}