{"id":5558,"date":"2024-02-22T13:17:32","date_gmt":"2024-02-22T12:17:32","guid":{"rendered":"https:\/\/pasaenmendoza.com\/?p=5558"},"modified":"2024-02-22T13:17:34","modified_gmt":"2024-02-22T12:17:34","slug":"como-fue-el-caotico-operativo-para-capturar-al-acusado-por-tiroteos-con-heridos-en-las-heras","status":"publish","type":"post","link":"https:\/\/pasaenmendoza.com\/?p=5558","title":{"rendered":"C\u00f3mo fue el ca\u00f3tico operativo para capturar al acusado por tiroteos con heridos en Las Heras"},"content":{"rendered":"\n<p>La huida del conductor de una motocicleta que circulaba sin patente y capt\u00f3 la atenci\u00f3n de polic\u00edas de la<strong>&nbsp;Unidad Especial de Patrullaje Las Heras<\/strong>&nbsp;(<strong>UEP<\/strong>) desemboc\u00f3 en un ca\u00f3tico operativo en la<strong>&nbsp;villa G\u00fcemes<\/strong>&nbsp;y la captura de un delincuente que era intensamente buscado la noche de este martes.<\/p>\n\n\n\n<p>Se trata de&nbsp;<strong>Gonzalo Ra\u00fal Rodr\u00edguez Bruna<\/strong>&nbsp;(29), alias&nbsp;<em>Topo&nbsp;<\/em>o&nbsp;<em>Topito<\/em>, quien se encuentra&nbsp;<mark>sindicado por tiroteos que dejaron a dos hombres heridos el domingo en ese sector del departamento, uno de los de los cuales se encuentra al borde de la muerte<\/mark>.<\/p>\n\n\n\n<p>Vecinos y allegados al sospechoso atacaron al personal que participaba del procedimiento, por lo que cuatro efectivos resultaron con diferentes lesiones y debieron asistidos en una cl\u00ednica.<\/p>\n\n\n\n<p>Adem\u00e1s,&nbsp;<mark>se logr\u00f3 secuestrar una&nbsp;<strong>pistola calibre 45&nbsp;<\/strong>que portaba Rodr\u00edguez Bruna y se analiza si es el arma que le sustrajo a una de las v\u00edctimas<\/mark>, de acuerdo con la informaci\u00f3n policial.<\/p>\n\n\n\n<p>La reconstrucci\u00f3n que tambi\u00e9n incautaron la moto en la que se movilizaba, la cual hab\u00eda sido robada d\u00edas atr\u00e1s y coincide con la que utilizaba el autor de las balaceras registradas el \u00faltimo fin de semana, agrega.<\/p>\n\n\n\n<p>As\u00ed las cosas, el&nbsp;<em>Topito&nbsp;<\/em>qued\u00f3 detenido en una dependencia de la zona a disposici\u00f3n del&nbsp;<strong>fiscal de Homicidios Carlos Torres<\/strong>, quien&nbsp;<mark>lo imputar\u00e1 en las pr\u00f3ximas horas por dos hechos de&nbsp;<strong>homicidio agravado por el uso de arma de fuego en grado de tentativa<\/strong><\/mark>.<\/p>\n\n\n\n<p>Pero eso no es todo, al representante del Ministerio P\u00fablico le acumular\u00e1n otros cuatro expedientes en los que se encuentra sindicado el mismo sujeto, por los delitos de&nbsp;<strong>portaci\u00f3n de arma de fuego<\/strong>,<strong>&nbsp;abuso de arma<\/strong>&nbsp;y&nbsp;<strong>amenazas<\/strong>.<\/p>\n\n\n\n<p>Todos esos hechos habr\u00eda protagonizado el\u00a0<em>Topito\u00a0<\/em>en los \u00faltimos dos meses, luego de que\u00a0<mark>recuper\u00f3 la libertad en diciembre al purgar una condena ocho a\u00f1os de prisi\u00f3n.<\/mark>\u00a0Fuentes consultadas se\u00f1alaron que desde que regres\u00f3 a las calles, comenzaron los enfrentamientos en el asentamiento de\u00a0<strong>calle G\u00fcemes<\/strong>.<\/p>\n\n\n\n<p>Por su parte, una de las v\u00edctimas de los tiroteos, identificado como<strong>\u00a0Brian Marcelo Carballo D\u00edaz<\/strong>\u00a0(23), permanec\u00eda este mi\u00e9rcoles por la noche internado en el\u00a0<strong>Hospital Central\u00a0<\/strong>con\u00a0<strong>muerte cerebral\u00a0<\/strong>por el disparo que recibi\u00f3 en la cabeza. Mientras que el otro herido del domingo,\u00a0<strong>Pablo Fabi\u00e1n G\u00f3mez Balmaceda<\/strong>\u00a0(46), estaba fuera de peligro pese a los cuatro balazos que recibi\u00f3.<\/p>\n\n\n\n<p><strong>En detalle<\/strong><\/p>\n\n\n\n<p>La informaci\u00f3n a la que accedi\u00f3&nbsp;<strong><em>El Sol<\/em><\/strong>&nbsp;indica que fue cerca de las 19.40 cuando efectivos de la UEP Las Heras iban a bordo de una movilidad y detectaron en las cercan\u00edas de la villa G\u00fcemes a un sujeto en una moto roja sin patente, por lo que buscaron darle alcance para identificar al conductor y verificar la situaci\u00f3n del rodado.<\/p>\n\n\n\n<p>Cuando el motociclista not\u00f3 que una patrulla lo segu\u00eda de cerca, aceler\u00f3 y a los pocos metros, descendi\u00f3 del rodado y lo dej\u00f3 tirado para continuar la huida a pie hacia el interior del asentamiento<\/p>\n\n\n\n<p>Uno de los uniformados baj\u00f3 de la movilidad, lo sigui\u00f3 y pudo interceptarlo mientras trataba de subir una medianera.\u00a0<mark>Fue all\u00ed cuando el sospechoso le apunt\u00f3 con una pistola, pero el funcionario hizo uso de la fuerza p\u00fablica para reducirlo y le quit\u00f3 el arma de fuego<\/mark>.<\/p>\n\n\n\n<p><strong>Fuente: www.elsol.com.ar<\/strong><\/p>\n","protected":false},"excerpt":{"rendered":"<p>La huida del conductor de una motocicleta que circulaba sin patente y capt\u00f3 la atenci\u00f3n de polic\u00edas de la&nbsp;Unidad Especial de Patrullaje Las Heras&nbsp;(UEP) desemboc\u00f3 en un ca\u00f3tico operativo en la&nbsp;villa G\u00fcemes&nbsp;y la captura de un delincuente que era intensamente buscado la noche de este martes. Se trata de&nbsp;Gonzalo Ra\u00fal Rodr\u00edguez Bruna&nbsp;(29), alias&nbsp;Topo&nbsp;o&nbsp;Topito, quien se [&hellip;]<\/p>\n","protected":false},"author":2,"featured_media":5561,"comment_status":"open","ping_status":"open","sticky":false,"template":"","format":"standard","meta":[],"categories":[48],"tags":[],"_links":{"self":[{"href":"https:\/\/pasaenmendoza.com\/index.php?rest_route=\/wp\/v2\/posts\/5558"}],"collection":[{"href":"https:\/\/pasaenmendoza.com\/index.php?rest_route=\/wp\/v2\/posts"}],"about":[{"href":"https:\/\/pasaenmendoza.com\/index.php?rest_route=\/wp\/v2\/types\/post"}],"author":[{"embeddable":true,"href":"https:\/\/pasaenmendoza.com\/index.php?rest_route=\/wp\/v2\/users\/2"}],"replies":[{"embeddable":true,"href":"https:\/\/pasaenmendoza.com\/index.php?rest_route=%2Fwp%2Fv2%2Fcomments&post=5558"}],"version-history":[{"count":1,"href":"https:\/\/pasaenmendoza.com\/index.php?rest_route=\/wp\/v2\/posts\/5558\/revisions"}],"predecessor-version":[{"id":5562,"href":"https:\/\/pasaenmendoza.com\/index.php?rest_route=\/wp\/v2\/posts\/5558\/revisions\/5562"}],"wp:featuredmedia":[{"embeddable":true,"href":"https:\/\/pasaenmendoza.com\/index.php?rest_route=\/wp\/v2\/media\/5561"}],"wp:attachment":[{"href":"https:\/\/pasaenmendoza.com\/index.php?rest_route=%2Fwp%2Fv2%2Fmedia&parent=5558"}],"wp:term":[{"taxonomy":"category","embeddable":true,"href":"https:\/\/pasaenmendoza.com\/index.php?rest_route=%2Fwp%2Fv2%2Fcategories&post=5558"},{"taxonomy":"post_tag","embeddable":true,"href":"https:\/\/pasaenmendoza.com\/index.php?rest_route=%2Fwp%2Fv2%2Ftags&post=5558"}],"curies":[{"name":"wp","href":"https:\/\/api.w.org\/{rel}","templated":true}]}}