{"id":5566,"date":"2024-02-22T13:22:33","date_gmt":"2024-02-22T12:22:33","guid":{"rendered":"https:\/\/pasaenmendoza.com\/?p=5566"},"modified":"2024-02-22T13:22:35","modified_gmt":"2024-02-22T12:22:35","slug":"persecucion-en-ciudad-tiro-al-policia-de-su-moto-de-una-patada","status":"publish","type":"post","link":"https:\/\/pasaenmendoza.com\/?p=5566","title":{"rendered":"Persecuci\u00f3n en Ciudad: tir\u00f3 al polic\u00eda de su moto de una patada"},"content":{"rendered":"\n<p>Un oficial de la&nbsp;<strong>polic\u00eda<\/strong>&nbsp;result\u00f3&nbsp;<strong>herido<\/strong>&nbsp;tras una&nbsp;<strong>persecuci\u00f3n<\/strong>, luego de&nbsp;<strong>caer de su moto.<\/strong>&nbsp;El accidente de tr\u00e1nsito involucr\u00f3 a<strong>&nbsp;dos motocicletas,<\/strong>&nbsp;una de marca&nbsp;<strong>BMW,<\/strong>&nbsp;conducida por el Oficial Subayudante M. S.C. D. y otra de marca&nbsp;<strong>KTM<\/strong>, cuyo conductor fue identificado como O. D. E. A.<\/p>\n\n\n\n<p>El incidente comenz\u00f3 cuando el oficial detuvo la marcha a la moto KTM en la calle<strong>\u00a0Mitre y Montevideo<\/strong>, notific\u00e1ndose al conductor sobre la\u00a0<strong>retenci\u00f3n del veh\u00edculo\u00a0<\/strong>debido a la<strong>\u00a0falta de documentaci\u00f3n<\/strong>\u00a0en regla, como respuesta el conductor de la moto KTM emprendi\u00f3 la fuga hacia el este por la calle Rivadavia y en calle Amigorena, pasando San Mart\u00edn.<\/p>\n\n\n\n<p>Durante la persecuci\u00f3n el conductor de la KTM&nbsp;<strong>pate\u00f3 la moto del efectivo provocando&nbsp;<\/strong>que este perdiera el dominio de su rodado y cayera al piso.<\/p>\n\n\n\n<p>El efectivo policial result\u00f3 herido y fue atendido en el lugar por m\u00e9dicos del SEC y luego trasladado a la Cl\u00ednica Francesa.<\/p>\n\n\n\n<p><strong>Fuente: www.mendozapost.com<\/strong><\/p>\n","protected":false},"excerpt":{"rendered":"<p>Un oficial de la&nbsp;polic\u00eda&nbsp;result\u00f3&nbsp;herido&nbsp;tras una&nbsp;persecuci\u00f3n, luego de&nbsp;caer de su moto.&nbsp;El accidente de tr\u00e1nsito involucr\u00f3 a&nbsp;dos motocicletas,&nbsp;una de marca&nbsp;BMW,&nbsp;conducida por el Oficial Subayudante M. S.C. D. y otra de marca&nbsp;KTM, cuyo conductor fue identificado como O. D. E. A. El incidente comenz\u00f3 cuando el oficial detuvo la marcha a la moto KTM en la calle\u00a0Mitre y [&hellip;]<\/p>\n","protected":false},"author":2,"featured_media":5567,"comment_status":"open","ping_status":"open","sticky":false,"template":"","format":"standard","meta":[],"categories":[48],"tags":[],"_links":{"self":[{"href":"https:\/\/pasaenmendoza.com\/index.php?rest_route=\/wp\/v2\/posts\/5566"}],"collection":[{"href":"https:\/\/pasaenmendoza.com\/index.php?rest_route=\/wp\/v2\/posts"}],"about":[{"href":"https:\/\/pasaenmendoza.com\/index.php?rest_route=\/wp\/v2\/types\/post"}],"author":[{"embeddable":true,"href":"https:\/\/pasaenmendoza.com\/index.php?rest_route=\/wp\/v2\/users\/2"}],"replies":[{"embeddable":true,"href":"https:\/\/pasaenmendoza.com\/index.php?rest_route=%2Fwp%2Fv2%2Fcomments&post=5566"}],"version-history":[{"count":1,"href":"https:\/\/pasaenmendoza.com\/index.php?rest_route=\/wp\/v2\/posts\/5566\/revisions"}],"predecessor-version":[{"id":5568,"href":"https:\/\/pasaenmendoza.com\/index.php?rest_route=\/wp\/v2\/posts\/5566\/revisions\/5568"}],"wp:featuredmedia":[{"embeddable":true,"href":"https:\/\/pasaenmendoza.com\/index.php?rest_route=\/wp\/v2\/media\/5567"}],"wp:attachment":[{"href":"https:\/\/pasaenmendoza.com\/index.php?rest_route=%2Fwp%2Fv2%2Fmedia&parent=5566"}],"wp:term":[{"taxonomy":"category","embeddable":true,"href":"https:\/\/pasaenmendoza.com\/index.php?rest_route=%2Fwp%2Fv2%2Fcategories&post=5566"},{"taxonomy":"post_tag","embeddable":true,"href":"https:\/\/pasaenmendoza.com\/index.php?rest_route=%2Fwp%2Fv2%2Ftags&post=5566"}],"curies":[{"name":"wp","href":"https:\/\/api.w.org\/{rel}","templated":true}]}}