{"id":5569,"date":"2024-02-23T13:04:21","date_gmt":"2024-02-23T12:04:21","guid":{"rendered":"https:\/\/pasaenmendoza.com\/?p=5569"},"modified":"2024-02-23T13:04:22","modified_gmt":"2024-02-23T12:04:22","slug":"viernes-con-temperatura-agradable-y-sin-lluvia-en-mendoza","status":"publish","type":"post","link":"https:\/\/pasaenmendoza.com\/?p=5569","title":{"rendered":"Viernes con temperatura agradable y sin lluvia en Mendoza"},"content":{"rendered":"\n<p>Siguen los d\u00edas agradables en Mendoza y las bajas temperaturas m\u00ednimas alivian las noches.&nbsp;<\/p>\n\n\n\n<p>Este viernes, el Servicio Meteorol\u00f3gico Nacional prev\u00e9 una&nbsp;<strong>m\u00e1xima de<\/strong>&nbsp;<strong>27\u00b0.<\/strong>&nbsp;La humedad se mantiene por encima del 70% y el viento corre desde el sureste.<\/p>\n\n\n\n<p>En tanto que, para&nbsp;<strong>ma\u00f1ana s\u00e1bado<\/strong>, las previsiones indican la misma m\u00e1xima de&nbsp;<strong>28\u00b0 con cielo cubierto y algunas probabilidades de tormentas aisladas pro la tarde<\/strong>.<\/p>\n\n\n\n<p>El domingo la m\u00e1xima ascender\u00eda a 30\u00b0 y tambi\u00e9n podr\u00edasn caer algunos chaparrones luego del mediod\u00eda.&nbsp;<\/p>\n\n\n\n<p>Por el momento no hay alertas meteorol\u00f3gicas para ninguna zona de la provincia.\u00a0<\/p>\n\n\n\n<p><strong>Fuente: www.mendozapost.com<\/strong><\/p>\n","protected":false},"excerpt":{"rendered":"<p>Siguen los d\u00edas agradables en Mendoza y las bajas temperaturas m\u00ednimas alivian las noches.&nbsp; Este viernes, el Servicio Meteorol\u00f3gico Nacional prev\u00e9 una&nbsp;m\u00e1xima de&nbsp;27\u00b0.&nbsp;La humedad se mantiene por encima del 70% y el viento corre desde el sureste. En tanto que, para&nbsp;ma\u00f1ana s\u00e1bado, las previsiones indican la misma m\u00e1xima de&nbsp;28\u00b0 con cielo cubierto y algunas probabilidades [&hellip;]<\/p>\n","protected":false},"author":2,"featured_media":5570,"comment_status":"open","ping_status":"open","sticky":false,"template":"","format":"standard","meta":[],"categories":[52],"tags":[],"_links":{"self":[{"href":"https:\/\/pasaenmendoza.com\/index.php?rest_route=\/wp\/v2\/posts\/5569"}],"collection":[{"href":"https:\/\/pasaenmendoza.com\/index.php?rest_route=\/wp\/v2\/posts"}],"about":[{"href":"https:\/\/pasaenmendoza.com\/index.php?rest_route=\/wp\/v2\/types\/post"}],"author":[{"embeddable":true,"href":"https:\/\/pasaenmendoza.com\/index.php?rest_route=\/wp\/v2\/users\/2"}],"replies":[{"embeddable":true,"href":"https:\/\/pasaenmendoza.com\/index.php?rest_route=%2Fwp%2Fv2%2Fcomments&post=5569"}],"version-history":[{"count":1,"href":"https:\/\/pasaenmendoza.com\/index.php?rest_route=\/wp\/v2\/posts\/5569\/revisions"}],"predecessor-version":[{"id":5571,"href":"https:\/\/pasaenmendoza.com\/index.php?rest_route=\/wp\/v2\/posts\/5569\/revisions\/5571"}],"wp:featuredmedia":[{"embeddable":true,"href":"https:\/\/pasaenmendoza.com\/index.php?rest_route=\/wp\/v2\/media\/5570"}],"wp:attachment":[{"href":"https:\/\/pasaenmendoza.com\/index.php?rest_route=%2Fwp%2Fv2%2Fmedia&parent=5569"}],"wp:term":[{"taxonomy":"category","embeddable":true,"href":"https:\/\/pasaenmendoza.com\/index.php?rest_route=%2Fwp%2Fv2%2Fcategories&post=5569"},{"taxonomy":"post_tag","embeddable":true,"href":"https:\/\/pasaenmendoza.com\/index.php?rest_route=%2Fwp%2Fv2%2Ftags&post=5569"}],"curies":[{"name":"wp","href":"https:\/\/api.w.org\/{rel}","templated":true}]}}