{"id":5572,"date":"2024-02-23T13:08:39","date_gmt":"2024-02-23T12:08:39","guid":{"rendered":"https:\/\/pasaenmendoza.com\/?p=5572"},"modified":"2024-02-23T13:08:40","modified_gmt":"2024-02-23T12:08:40","slug":"el-gobierno-aumento-el-30-a-los-policias-y-penitenciarios-con-un-plus-salarial","status":"publish","type":"post","link":"https:\/\/pasaenmendoza.com\/?p=5572","title":{"rendered":"El Gobierno aument\u00f3 el 30% a los polic\u00edas y penitenciarios con un plus salarial"},"content":{"rendered":"\n<p>Este viernes se public\u00f3 en el Bolet\u00edn Oficial un incremento salarial para los meses de noviembre y diciembre de 2023 y un aumento para enero, febrero y marzo de 2024 para personal policial de Mendoza.<\/p>\n\n\n\n<p>En medio de la controversia que se gener\u00f3 esta semana con una\u00a0posible renuncia del Jefe de la Polic\u00eda de Mendoza, Marcelo Calipo (que luego fue desmentida por\u00a0<strong>Cornejo<\/strong>)\u00a0y el caos que se percibi\u00f3 en las calles la visita de los hinchas de Colo Colo, este viernes se hizo oficial por decreto el aumento salarial al personal policial y penitenciario de la provincia.<\/p>\n\n\n\n<p>El decreto oficializado este viernes explica que &#8220;el Personal Policial y Penitenciario no se encuentra alcanzado por las normas de negociaci\u00f3n colectiva del sector p\u00fablico&#8221;, y es por eso que &#8220;resulta necesario otorgarle similares incrementos a los convenidos con otros sectores de la Administraci\u00f3n P\u00fablica Provincial&#8221;.<\/p>\n\n\n\n<p>En concreto, se le otorg\u00f3 a dicho personal una suma por &#8220;\u00fanica vez&#8221; compensatoria, no remunerativa y no bonificable de $90.000 abonada el 20 de febrero pasado. Y tambi\u00e9n un bono compensatorio a cobrar en marzo y septiembre de $100.000 cada uno. Adem\u00e1s, destacaron el aumento del porcentaje del \u00edtem indumentaria, que pas\u00f3 del 2.5% al 8%.<\/p>\n\n\n\n<p>A su vez se les otorg\u00f3 un incremento del 15% en febrero y otro 15% en marzo, similar a la propuesta que analizaron y aceptaron algunos gremios de la provincia (con bono incluido) en la \u00faltima negociaci\u00f3n paritaria que encabezaron con el Gobierno.<\/p>\n\n\n\n<p>\u201cNo es voluntad del Gobierno tener sueldos bajos, no es voluntad del director General de Polic\u00eda tener sueldos bajos, es una situaci\u00f3n macro que lamentamos y que esperamos se revierta en un corto plazo el tema de los salarios\u201d, se\u00f1al\u00f3 Alfredo Cornejo en conferencia de prensa este jueves.<\/p>\n\n\n\n<p>&#8220;Los porcentajes son no acumulativos y se calculan sobre la asignaci\u00f3n de la Clase del Cargo del Jefe de las Polic\u00edas de Mendoza vigente al 31 de diciembre de 2023 y subsumen los porcentajes otorgados por Decreto N\u00ba 2465\/2023 para los meses respectivos&#8221;, comentaron desde el Gobierno.<\/p>\n\n\n\n<p>El segundo art\u00edculo de la norma dice que: &#8220;Lo dispuesto en el art\u00edculo precedente tendr\u00e1 vigencia para todo el personal de los reg\u00edmenes salariales previstos por las Leyes N\u00ba 6722 y 7493 y modificatorias y sobre los adicionales dispuestos por Decretos Nros. 52\/05, 3397\/08, 770\/09, 378\/10, 1000\/10, 773\/09, 1346\/11, Art. 1\u00b0 y 2\u00b0 de los Decretos Nros. 720\/10 y 719\/10, Leyes N\u00ba 7237 y 7666; y sus respectivas modificatorias, como as\u00ed tambi\u00e9n para los beneficiarios del R\u00e9gimen de Retiros y Pensiones del Personal Policial y del Servicio Penitenciario de la Provincia de Mendoza, de conformidad con las pautas de movilidad previstas en el Art\u00edculo 11 del Decreto-Ley N\u00ba 4176\/77 y sus modificatorias&#8221;.<\/p>\n\n\n\n<p>A su vez, el decreto tambi\u00e9n confirma una suma complementaria para &#8220;mantenimiento de Indumentaria, no remunerativa, no bonificable&#8221; de $ 200.000, la que se liquidar\u00e1 en dos cuotas iguales de $ 100.000 cada una, otorg\u00e1ndose una en el mes de marzo de 2024 y la otra en el mes de septiembre de 2024 respectivamente.<\/p>\n\n\n\n<p>El decreto lleva la firma del gobernador Alfredo Cornejo y la ministra de Seguridad, Mercedes Rus. &#8220;Se logr\u00f3 para la Polic\u00eda un aumento superador en m\u00e1s de cinco puntos respecto de la paritaria general&#8221;, destacaron desde el Ejecutivo este viernes.<\/p>\n\n\n\n<p>FUENTE: MDZonline.<\/p>\n","protected":false},"excerpt":{"rendered":"<p>Este viernes se public\u00f3 en el Bolet\u00edn Oficial un incremento salarial para los meses de noviembre y diciembre de 2023 y un aumento para enero, febrero y marzo de 2024 para personal policial de Mendoza. En medio de la controversia que se gener\u00f3 esta semana con una\u00a0posible renuncia del Jefe de la Polic\u00eda de Mendoza, [&hellip;]<\/p>\n","protected":false},"author":2,"featured_media":5574,"comment_status":"open","ping_status":"open","sticky":true,"template":"","format":"standard","meta":[],"categories":[47],"tags":[],"_links":{"self":[{"href":"https:\/\/pasaenmendoza.com\/index.php?rest_route=\/wp\/v2\/posts\/5572"}],"collection":[{"href":"https:\/\/pasaenmendoza.com\/index.php?rest_route=\/wp\/v2\/posts"}],"about":[{"href":"https:\/\/pasaenmendoza.com\/index.php?rest_route=\/wp\/v2\/types\/post"}],"author":[{"embeddable":true,"href":"https:\/\/pasaenmendoza.com\/index.php?rest_route=\/wp\/v2\/users\/2"}],"replies":[{"embeddable":true,"href":"https:\/\/pasaenmendoza.com\/index.php?rest_route=%2Fwp%2Fv2%2Fcomments&post=5572"}],"version-history":[{"count":1,"href":"https:\/\/pasaenmendoza.com\/index.php?rest_route=\/wp\/v2\/posts\/5572\/revisions"}],"predecessor-version":[{"id":5575,"href":"https:\/\/pasaenmendoza.com\/index.php?rest_route=\/wp\/v2\/posts\/5572\/revisions\/5575"}],"wp:featuredmedia":[{"embeddable":true,"href":"https:\/\/pasaenmendoza.com\/index.php?rest_route=\/wp\/v2\/media\/5574"}],"wp:attachment":[{"href":"https:\/\/pasaenmendoza.com\/index.php?rest_route=%2Fwp%2Fv2%2Fmedia&parent=5572"}],"wp:term":[{"taxonomy":"category","embeddable":true,"href":"https:\/\/pasaenmendoza.com\/index.php?rest_route=%2Fwp%2Fv2%2Fcategories&post=5572"},{"taxonomy":"post_tag","embeddable":true,"href":"https:\/\/pasaenmendoza.com\/index.php?rest_route=%2Fwp%2Fv2%2Ftags&post=5572"}],"curies":[{"name":"wp","href":"https:\/\/api.w.org\/{rel}","templated":true}]}}