{"id":5573,"date":"2024-02-23T13:09:42","date_gmt":"2024-02-23T12:09:42","guid":{"rendered":"https:\/\/pasaenmendoza.com\/?p=5573"},"modified":"2024-02-23T13:09:43","modified_gmt":"2024-02-23T12:09:43","slug":"zafo-de-la-perpetua-el-asaltante-sospechado-de-matar-a-un-finquero-en-maipu","status":"publish","type":"post","link":"https:\/\/pasaenmendoza.com\/?p=5573","title":{"rendered":"Zaf\u00f3 de la perpetua el asaltante sospechado de matar a un finquero en Maip\u00fa"},"content":{"rendered":"\n<p>El \u00fanico sospechoso de matar al finquero&nbsp;<strong>Felipe Villca Condor\u00ed<\/strong>&nbsp;durante un asalto a mediados del a\u00f1o pasado en<strong>&nbsp;Colonia Bombal<\/strong>,&nbsp;<strong>Maip\u00fa<\/strong>, zaf\u00f3 la tarde de este jueves de una pena a&nbsp;<strong>prisi\u00f3n perpetua<\/strong>&nbsp;que buscaba la Fiscal\u00eda desde que inici\u00f3 el proceso.<\/p>\n\n\n\n<p>Un jurado popular hall\u00f3 culpable a&nbsp;<strong>Luis Alberto&nbsp;<em>Chama&nbsp;<\/em>Oliva<\/strong>&nbsp;como coautor del robo que sufri\u00f3 la v\u00edctima y descart\u00f3 que haya sido el autor del asesinato del trabajador rural.<\/p>\n\n\n\n<p>La jueza t\u00e9cnica<strong>\u00a0M\u00f3nica Romero<\/strong>\u00a0pas\u00f3 a un cuarto intermedio hasta el martes 27 para realizar la\u00a0<strong>audiencia de cesura<\/strong>, donde las partes solicitar\u00e1n la pena que crean correspondiente. A partir de eso, la magistrada tomar\u00e1 una decisi\u00f3n y dictar\u00e1 la sentencia.<\/p>\n\n\n\n<p>En los alegatos de cierre los fiscales&nbsp;<strong>Andrea Lazo<\/strong>, quien lider\u00f3 la investigaci\u00f3n, y&nbsp;<strong>Fernando Guzzo&nbsp;<\/strong>(jefe de la&nbsp;<strong>UFI Homicidios<\/strong>) destacaron las pruebas que compromet\u00edan a Olivia y, de acuerdo con la pesquisa,&nbsp;<mark>lo colocaban como el \u00fanico de los cuatro integrantes de la banda de asaltantes que atac\u00f3 a Villca y le produjo la muerte<\/mark>.<\/p>\n\n\n\n<p><em>\u201cQuien m\u00e1s hace, m\u00e1s merece\u201d<\/em>, fue la frase cabecera de los representantes del\u00a0<strong>Ministerio P\u00fablico<\/strong>\u00a0para que el jurado comprendiera el motivo por el que los tres c\u00f3mplices del\u00a0<em>Chama\u00a0<\/em>recibieron penas de entre 8 y 15 a\u00f1os de c\u00e1rcel, cuando resolvieron sus respectivas situaciones meses atr\u00e1s, a trav\u00e9s de juicios abreviados en los que reconocieron su participaci\u00f3n.<\/p>\n\n\n\n<p>Justamente, entre los elementos que m\u00e1s complicaban a Oliva se encontraban las declaraciones que<strong>\u00a0Bautista Florindo Sep\u00falveda<\/strong>, su hijo\u00a0<strong>Facundo\u00a0<\/strong>y<strong>\u00a0Ra\u00fal Fabi\u00e1n Salvarredi\u00a0<\/strong>realizaron el mi\u00e9rcoles frente a los doce jueces de los hechos.<\/p>\n\n\n\n<p>En esa oportunidad,\u00a0<mark>los tres coincidieron en que fue Oliva quien utiliz\u00f3 un pico para acabar con la vida de Villca mientras se perpetraba el robo<\/mark>\u00a0en el domicilio rural de\u00a0<strong>ruta 20<\/strong>.<\/p>\n\n\n\n<p>Por su parte, la defensa solicit\u00f3 a los jurados un veredicto de culpabilidad por el robo y, en caso de que consideraran que hab\u00eda cometido el asesinato, fuese por la calificaci\u00f3n de homicidio en ocasi\u00f3n de robo, que prev\u00e9 penas de 10 a 25 a\u00f1os de reclusi\u00f3n. Es decir,&nbsp;<mark>el objetivo era evitar la m\u00e1xima pena<\/mark>.<\/p>\n\n\n\n<p>Finalmente, los doce ciudadanos se inclinaron por la teor\u00eda del caso planteada por el representante legal de Oliva y entendieron que fue coautor del asalto, sin tener intervenci\u00f3n en el ataque fatal contra el finquero.<\/p>\n\n\n\n<p><strong>El crimen<\/strong><\/p>\n\n\n\n<p>Todo ocurri\u00f3 el viernes 28 de abril del a\u00f1o pasado,&nbsp;<mark>cuando los malvivientes encapuchados irrumpieron en la finca ubicada sobre la ruta 20, a unos pocos kil\u00f3metros del&nbsp;<strong>carril Los \u00c1lamos<\/strong>, en el distrito de<strong>&nbsp;Rodeo de Medio<\/strong>.<\/mark><\/p>\n\n\n\n<p>Los individuos armados redujeron a la familia mediante agresiones f\u00edsicas, sustrajeron dinero, pertenencias y cargaron todo al furg\u00f3n de las v\u00edctimas.\u00a0<mark>Antes de irse con el bot\u00edn, obligaron a Villca, quien ya estaba herido, a subir al rodado y se retiraron<\/mark>.<strong>\u00a0<\/strong>Sus familiares pudieron dar aviso al 911 y al cabo de media hora arrib\u00f3 la primera movilidad.<\/p>\n\n\n\n<p>Al ponerse al tanto de lo sucedido, se practic\u00f3 un rastrillaje por el interior de la finca y los efectivos encontraron a Villca muerto. La teor\u00eda de la fiscal\u00eda sostiene que el\u00a0<em><strong>Chama\u00a0<\/strong><\/em>Oliva mat\u00f3 a la v\u00edctima con un pico y descart\u00f3 su cad\u00e1ver dentro de la propiedad.<\/p>\n\n\n\n<p>Pese a que junto al cuerpo se hall\u00f3 una vaina servida, los primeros peritajes de la&nbsp;<strong>Polic\u00eda Cient\u00edfica<\/strong>&nbsp;determinaron que no fue ultimado con un arma de fuego, ya&nbsp;<mark>presentaba m\u00faltiples hematomas en el rostro y una herida contuso cortante en la zona occipital izquierda<\/mark>.<\/p>\n\n\n\n<p>Horas despu\u00e9s, durante la tarde del s\u00e1bado, fue hallada la\u00a0<strong>Mercedes Benz Sprinter\u00a0<\/strong>de Villca en\u00a0<strong>Tres Porte\u00f1as<\/strong>, en\u00a0<strong>San Mart\u00edn<\/strong>.<\/p>\n\n\n\n<p>Con el paso de los d\u00edas, fueron cayendo los integrantes de la gavilla. As\u00ed fue que detuvieron a&nbsp;<strong>Sep\u00falveda Calder\u00f3n y a su hijo Facundo, a Salvarredi y Oliva.<\/strong><\/p>\n\n\n\n<p>Los tres primero evitaron el juicio por jurado y confesaron haber llegado hasta la propiedad del finquero con intenciones de robo. Pactaron la pena con el Ministerio P\u00fablico y fueron condenados.<\/p>\n\n\n\n<p>Mientras que Oliva lleg\u00f3 hasta el debate por jurados y evit\u00f3 la perpetua despu\u00e9s de que el jurado considerara que no tuvo ning\u00fan tipo de responsabilidad sobre la muerte de Villca.<\/p>\n\n\n\n<p><strong>Fuente: www.elsol.com.ar<\/strong><\/p>\n","protected":false},"excerpt":{"rendered":"<p>El \u00fanico sospechoso de matar al finquero&nbsp;Felipe Villca Condor\u00ed&nbsp;durante un asalto a mediados del a\u00f1o pasado en&nbsp;Colonia Bombal,&nbsp;Maip\u00fa, zaf\u00f3 la tarde de este jueves de una pena a&nbsp;prisi\u00f3n perpetua&nbsp;que buscaba la Fiscal\u00eda desde que inici\u00f3 el proceso. Un jurado popular hall\u00f3 culpable a&nbsp;Luis Alberto&nbsp;Chama&nbsp;Oliva&nbsp;como coautor del robo que sufri\u00f3 la v\u00edctima y descart\u00f3 que haya [&hellip;]<\/p>\n","protected":false},"author":2,"featured_media":5577,"comment_status":"open","ping_status":"open","sticky":false,"template":"","format":"standard","meta":[],"categories":[48],"tags":[],"_links":{"self":[{"href":"https:\/\/pasaenmendoza.com\/index.php?rest_route=\/wp\/v2\/posts\/5573"}],"collection":[{"href":"https:\/\/pasaenmendoza.com\/index.php?rest_route=\/wp\/v2\/posts"}],"about":[{"href":"https:\/\/pasaenmendoza.com\/index.php?rest_route=\/wp\/v2\/types\/post"}],"author":[{"embeddable":true,"href":"https:\/\/pasaenmendoza.com\/index.php?rest_route=\/wp\/v2\/users\/2"}],"replies":[{"embeddable":true,"href":"https:\/\/pasaenmendoza.com\/index.php?rest_route=%2Fwp%2Fv2%2Fcomments&post=5573"}],"version-history":[{"count":1,"href":"https:\/\/pasaenmendoza.com\/index.php?rest_route=\/wp\/v2\/posts\/5573\/revisions"}],"predecessor-version":[{"id":5578,"href":"https:\/\/pasaenmendoza.com\/index.php?rest_route=\/wp\/v2\/posts\/5573\/revisions\/5578"}],"wp:featuredmedia":[{"embeddable":true,"href":"https:\/\/pasaenmendoza.com\/index.php?rest_route=\/wp\/v2\/media\/5577"}],"wp:attachment":[{"href":"https:\/\/pasaenmendoza.com\/index.php?rest_route=%2Fwp%2Fv2%2Fmedia&parent=5573"}],"wp:term":[{"taxonomy":"category","embeddable":true,"href":"https:\/\/pasaenmendoza.com\/index.php?rest_route=%2Fwp%2Fv2%2Fcategories&post=5573"},{"taxonomy":"post_tag","embeddable":true,"href":"https:\/\/pasaenmendoza.com\/index.php?rest_route=%2Fwp%2Fv2%2Ftags&post=5573"}],"curies":[{"name":"wp","href":"https:\/\/api.w.org\/{rel}","templated":true}]}}