{"id":5576,"date":"2024-02-23T13:12:07","date_gmt":"2024-02-23T12:12:07","guid":{"rendered":"https:\/\/pasaenmendoza.com\/?p=5576"},"modified":"2024-02-23T13:12:08","modified_gmt":"2024-02-23T12:12:08","slug":"mendoza-tambien-analiza-acciones-contra-la-nacion-por-diferentes-incumplimientos","status":"publish","type":"post","link":"https:\/\/pasaenmendoza.com\/?p=5576","title":{"rendered":"Mendoza tambi\u00e9n analiza acciones contra la Naci\u00f3n por diferentes incumplimientos"},"content":{"rendered":"\n<p>Desde el Gobierno se\u00f1alaron que est\u00e1n recavando pruebas desde hace dos a\u00f1os. El an\u00e1lisis del fallo de la Corte de Chubut<\/p>\n\n\n\n<p>El&nbsp;<strong>Gobierno de Mendoza&nbsp;<\/strong>analiza llevar a cabo acciones en contra de la&nbsp;<strong>Naci\u00f3n&nbsp;<\/strong>por varios \u00edtems, entre los que se destacan la deuda y posterior quita de los subsidios del transporte, y la ca\u00edda en los recursos de la coparticipaci\u00f3n por la eliminaci\u00f3n de la cuarta categor\u00eda del&nbsp;<strong>Impuesto a las Ganancias<\/strong>.<\/p>\n\n\n\n<p>Desde la provincia aseguraron que llevan m\u00e1s de dos a\u00f1os recavando distintas pruebas para realizar una presentaci\u00f3n ante la Corte Suprema para hacer un reclamo que tenga un fuerte sustento.<\/p>\n\n\n\n<p><em>\u201cSe est\u00e1n reuniendo todos los elementos con todos los incumplimientos que haya tenido la Naci\u00f3n\u201d<\/em>, explicaron y agregaron \u201c<em>que si bien los de transporte son los m\u00e1s visibles, el objetivo es hacer algo que incluya todo.\u201d<\/em><\/p>\n\n\n\n<p><mark>Con respecto a los fondos del componente nacional del subsidio al transporte, durante el 2023, tan solo llegaron 3 de las 12 cuotas que deb\u00edan llegar, acumulando una deuda de m\u00e1s de $6.000 millones de pesos. A esto se le suma la reciente eliminaci\u00f3n del Fondo Compensador del Interior anunciada d\u00edas atr\u00e1s por el presidente Javier Milei.<\/mark><\/p>\n\n\n\n<p>En este punto, analizaron el reciente fallo de la Justicia Federal de Chubut, que suspende la aplicaci\u00f3n de la quita del subsidio al transporte.<\/p>\n\n\n\n<p><em>\u201cEn principio le han interpuesto una medida autosatisfactiva ante la Justicia Federal de Chubut, porque no hay norma legal que haya sacado el subsidio. La Justicia Federal de Chubut no es la competencia originaria, es la Corte Suprema, y seg\u00fan el resolutivo habla del fondo fiduciario para Chubut. Pero tampoco podr\u00eda suceder tal cosa, por eso estamos analizando bien la situaci\u00f3n desde Mendoza\u201d,<\/em>&nbsp;explicaron.<\/p>\n\n\n\n<p>A esto habr\u00eda que sumarle los incumplimientos en la llegada de diferentes fondos de origen nacional y que son asignados por Ley, como el Fondo de Incentivo Docente (FONID) o el componente nacional del plan de lucha contra la Lobesia Botrana.<\/p>\n\n\n\n<p>Adem\u00e1s, durante toda la gesti\u00f3n de Alberto Fern\u00e1ndez, pero que se profundiz\u00f3 a\u00fan m\u00e1s en los \u00faltimos meses de gesti\u00f3n, desde el Ejecutivo provincial aseguraron que la Naci\u00f3n discriminaba a Mendoza por los fondos discrecionales que llegaban a la provincia.<\/p>\n\n\n\n<h2 class=\"wp-block-heading\" id=\"h-la-demanda-que-ya-esta\">La demanda que ya est\u00e1<\/h2>\n\n\n\n<p>De avanzar con este relamo ante el M\u00e1ximo Tribunal, ser\u00eda la segunda presentaci\u00f3n que har\u00eda Mendoza en contra de la Naci\u00f3n en menos de 4 meses.<\/p>\n\n\n\n<p>En noviembre pasado, el por entonces gobernador Rodolfo Suarez junto con el exministro de Gobierno V\u00edctor Ib\u00e1\u00f1ez denunciaron a la gesti\u00f3n de Alberto Fern\u00e1ndez por los da\u00f1os que provoc\u00f3 la eliminaci\u00f3n de la cuarta categor\u00eda del Impuesto a las Ganancias.<\/p>\n\n\n\n<p>\u201c<em>Tanto el decreto como la ley, resultan inconstitucionales por cuanto disminuyen de manera unilateral la percepci\u00f3n de impuestos que integran la masa coparticipable. Uno de manera actual y la otra en forma inminente, afectando en este sentido el federalismo fiscal, con un evidente perjuicio para Mendoza<\/em>\u201c, hab\u00eda se\u00f1alado Suarez en su momento.<\/p>\n\n\n\n<p>Seg\u00fan los c\u00e1lculos del Gobierno provincial, esta modificaci\u00f3n le produjo a la provincia durante el primer mes del a\u00f1o una perdida cercana a los 12 mil millones de pesos, el equivalente a un tercio de toda la masa salarial del Estado<\/p>\n\n\n\n<p>FUENTE: Elsol.com.ar <\/p>\n","protected":false},"excerpt":{"rendered":"<p>Desde el Gobierno se\u00f1alaron que est\u00e1n recavando pruebas desde hace dos a\u00f1os. El an\u00e1lisis del fallo de la Corte de Chubut El&nbsp;Gobierno de Mendoza&nbsp;analiza llevar a cabo acciones en contra de la&nbsp;Naci\u00f3n&nbsp;por varios \u00edtems, entre los que se destacan la deuda y posterior quita de los subsidios del transporte, y la ca\u00edda en los recursos [&hellip;]<\/p>\n","protected":false},"author":2,"featured_media":5579,"comment_status":"open","ping_status":"open","sticky":true,"template":"","format":"standard","meta":[],"categories":[47],"tags":[],"_links":{"self":[{"href":"https:\/\/pasaenmendoza.com\/index.php?rest_route=\/wp\/v2\/posts\/5576"}],"collection":[{"href":"https:\/\/pasaenmendoza.com\/index.php?rest_route=\/wp\/v2\/posts"}],"about":[{"href":"https:\/\/pasaenmendoza.com\/index.php?rest_route=\/wp\/v2\/types\/post"}],"author":[{"embeddable":true,"href":"https:\/\/pasaenmendoza.com\/index.php?rest_route=\/wp\/v2\/users\/2"}],"replies":[{"embeddable":true,"href":"https:\/\/pasaenmendoza.com\/index.php?rest_route=%2Fwp%2Fv2%2Fcomments&post=5576"}],"version-history":[{"count":1,"href":"https:\/\/pasaenmendoza.com\/index.php?rest_route=\/wp\/v2\/posts\/5576\/revisions"}],"predecessor-version":[{"id":5580,"href":"https:\/\/pasaenmendoza.com\/index.php?rest_route=\/wp\/v2\/posts\/5576\/revisions\/5580"}],"wp:featuredmedia":[{"embeddable":true,"href":"https:\/\/pasaenmendoza.com\/index.php?rest_route=\/wp\/v2\/media\/5579"}],"wp:attachment":[{"href":"https:\/\/pasaenmendoza.com\/index.php?rest_route=%2Fwp%2Fv2%2Fmedia&parent=5576"}],"wp:term":[{"taxonomy":"category","embeddable":true,"href":"https:\/\/pasaenmendoza.com\/index.php?rest_route=%2Fwp%2Fv2%2Fcategories&post=5576"},{"taxonomy":"post_tag","embeddable":true,"href":"https:\/\/pasaenmendoza.com\/index.php?rest_route=%2Fwp%2Fv2%2Ftags&post=5576"}],"curies":[{"name":"wp","href":"https:\/\/api.w.org\/{rel}","templated":true}]}}