{"id":5588,"date":"2024-02-23T13:21:09","date_gmt":"2024-02-23T12:21:09","guid":{"rendered":"https:\/\/pasaenmendoza.com\/?p=5588"},"modified":"2024-02-23T13:21:10","modified_gmt":"2024-02-23T12:21:10","slug":"asaltaron-a-los-empleados-de-una-pizzeria-en-la-cuarta-seccion","status":"publish","type":"post","link":"https:\/\/pasaenmendoza.com\/?p=5588","title":{"rendered":"Asaltaron a los empleados de una pizzer\u00eda en la Cuarta Secci\u00f3n"},"content":{"rendered":"\n<p>En&nbsp;<strong>Ciudad de Mendoza<\/strong>, una pizzer\u00eda ubicada en la intersecci\u00f3n de las calles Espa\u00f1a y Videla Correa fue el escenario de un&nbsp;<strong>asalto a mano armada ocurrido alrededor de las 21.50.<\/strong><\/p>\n\n\n\n<p>Los protagonistas de este lamentable suceso fueron&nbsp;<strong>dos empleados<\/strong>&nbsp;del establecimiento,&nbsp;<strong>de 24 y 26 a\u00f1os,<\/strong>&nbsp;quienes se vieron enfrentados a la violencia de&nbsp;<strong>varios individuos armados<\/strong>&nbsp;que irrumpieron en el local.<\/p>\n\n\n\n<p>Seg\u00fan los primeros informes policiales, los delincuentes, tras ingresar al lugar bajo amenazas, sustrajeron a uno de ellos\u00a0<strong>una mochila que portaba, adem\u00e1s de despojarlo de la suma de 8 mil pesos<\/strong>\u00a0pertenecientes a la recaudaci\u00f3n del establecimiento. Por otro lado,\u00a0<strong>a la joven de 26 a\u00f1os, fue despojada de una motocicleta Honda 110 cc, un casco de protecci\u00f3n y un tel\u00e9fono celular.<\/strong><\/p>\n\n\n\n<p>Ante esta situaci\u00f3n, intervino la&nbsp;<strong>Oficina Fiscal Nro. 13 de la Comisar\u00eda 4\u00b0 de Ciudad<\/strong>&nbsp;para esclarecer este acto delictivo y brindar contenci\u00f3n a las v\u00edctimas afectadas.<\/p>\n\n\n\n<p>Este asalto genera preocupaci\u00f3n por la falta de seguridad y los vecinos piden medidas para\u00a0<strong>prevenir este tipo de sucesos en la zona<\/strong>. Mientras tanto, las autoridades se encuentran trabajando en la investigaci\u00f3n del caso para identificar y capturar a los responsables de este asalto.<\/p>\n\n\n\n<p><strong>Fuente: www.mendozapost.com<\/strong><\/p>\n","protected":false},"excerpt":{"rendered":"<p>En&nbsp;Ciudad de Mendoza, una pizzer\u00eda ubicada en la intersecci\u00f3n de las calles Espa\u00f1a y Videla Correa fue el escenario de un&nbsp;asalto a mano armada ocurrido alrededor de las 21.50. Los protagonistas de este lamentable suceso fueron&nbsp;dos empleados&nbsp;del establecimiento,&nbsp;de 24 y 26 a\u00f1os,&nbsp;quienes se vieron enfrentados a la violencia de&nbsp;varios individuos armados&nbsp;que irrumpieron en el local. [&hellip;]<\/p>\n","protected":false},"author":2,"featured_media":5590,"comment_status":"open","ping_status":"open","sticky":false,"template":"","format":"standard","meta":[],"categories":[48],"tags":[],"_links":{"self":[{"href":"https:\/\/pasaenmendoza.com\/index.php?rest_route=\/wp\/v2\/posts\/5588"}],"collection":[{"href":"https:\/\/pasaenmendoza.com\/index.php?rest_route=\/wp\/v2\/posts"}],"about":[{"href":"https:\/\/pasaenmendoza.com\/index.php?rest_route=\/wp\/v2\/types\/post"}],"author":[{"embeddable":true,"href":"https:\/\/pasaenmendoza.com\/index.php?rest_route=\/wp\/v2\/users\/2"}],"replies":[{"embeddable":true,"href":"https:\/\/pasaenmendoza.com\/index.php?rest_route=%2Fwp%2Fv2%2Fcomments&post=5588"}],"version-history":[{"count":1,"href":"https:\/\/pasaenmendoza.com\/index.php?rest_route=\/wp\/v2\/posts\/5588\/revisions"}],"predecessor-version":[{"id":5592,"href":"https:\/\/pasaenmendoza.com\/index.php?rest_route=\/wp\/v2\/posts\/5588\/revisions\/5592"}],"wp:featuredmedia":[{"embeddable":true,"href":"https:\/\/pasaenmendoza.com\/index.php?rest_route=\/wp\/v2\/media\/5590"}],"wp:attachment":[{"href":"https:\/\/pasaenmendoza.com\/index.php?rest_route=%2Fwp%2Fv2%2Fmedia&parent=5588"}],"wp:term":[{"taxonomy":"category","embeddable":true,"href":"https:\/\/pasaenmendoza.com\/index.php?rest_route=%2Fwp%2Fv2%2Fcategories&post=5588"},{"taxonomy":"post_tag","embeddable":true,"href":"https:\/\/pasaenmendoza.com\/index.php?rest_route=%2Fwp%2Fv2%2Ftags&post=5588"}],"curies":[{"name":"wp","href":"https:\/\/api.w.org\/{rel}","templated":true}]}}