{"id":5594,"date":"2024-02-23T14:13:40","date_gmt":"2024-02-23T13:13:40","guid":{"rendered":"https:\/\/pasaenmendoza.com\/?p=5594"},"modified":"2024-02-23T14:15:11","modified_gmt":"2024-02-23T13:15:11","slug":"el-sute-definio-su-plan-de-lucha-para-el-inicio-de-clases-sin-paro-y-con-movilizacion","status":"publish","type":"post","link":"https:\/\/pasaenmendoza.com\/?p=5594","title":{"rendered":"El SUTE defini\u00f3 su plan de lucha para el inicio de clases, sin paro y con movilizaci\u00f3n"},"content":{"rendered":"\n<p><strong>En Mendoza no habr\u00e1 paro&nbsp;<\/strong>el lunes 26 de febrero, d\u00eda para el que la DGE dispuso el comienzo de las clases. El&nbsp;<strong>Sindicato \u00danico de Trabajadores de la Educaci\u00f3n (SUTE)<\/strong>&nbsp;se adhiri\u00f3 a la&nbsp;convocatoria nacional de la Confederaci\u00f3n de Trabajadores de la Educaci\u00f3n (Ctera)&nbsp;pero s\u00f3lo con concentraci\u00f3n y movilizaci\u00f3n en horas de la tarde.<\/p>\n\n\n\n<p>El SUTE confirm\u00f3 que, &#8220;dentro del marco del paro nacional convocado por Ctera,\u00a0<strong>nos vamos a movilizar<\/strong>&#8220;.<\/p>\n\n\n\n<p>La medida de fuerza en Mendoza consistir\u00e1 en una&nbsp;<strong>concentraci\u00f3n en el Kil\u00f3metro 0 el lunes a las 18.30 con movilizaci\u00f3n hasta la Legislatura&nbsp;<\/strong>provincial.<\/p>\n\n\n\n<h2 class=\"wp-block-heading\">SUTE contra el recorte de fondos nacionales para Educaci\u00f3n<\/h2>\n\n\n\n<p>La&nbsp;<strong>medida de fuerza<\/strong>&nbsp;fue convocada como parte del plan de lucha contra el Gobierno nacional por la&nbsp;<strong>suspensi\u00f3n del Fondo de Incentivo Docente (FONID) y el Fondo Compensador de Desigualdades Salariales<\/strong>, que compromete al 10% del salario de los trabajadores.<\/p>\n\n\n\n<p>Desde&nbsp;<strong>SUTE<\/strong>&nbsp;explicaron que puntualmente el FONID representa&nbsp;<strong>$28.700 del salario docente<\/strong>, pero que tambi\u00e9n significan&nbsp;<strong>fondos para la copa de leche y alimentos en comedores escolares, arreglos y nuevos edificios, y el financiamiento para la jornada completa en 200 escuelas de Mendoza<\/strong>.<\/p>\n\n\n\n<p>&#8220;Es importante recordar que el FONID surgi\u00f3 como consecuencia de la&nbsp;<strong>lucha de 1.003 d\u00edas de ayuno de docentes<\/strong>&nbsp;de todo el pa\u00eds que se instalaron en la carpa de Ctera durante los a\u00f1os 90, cuando&nbsp;<strong>millones de argentinos se solidarizaron con los maestros<\/strong>&#8220;, record\u00f3 a su vez&nbsp;<strong>Carina Sedano<\/strong>, secretaria gremial.<\/p>\n\n\n\n<h2 class=\"wp-block-heading\">Ctera convoc\u00f3 a un paro nacional<\/h2>\n\n\n\n<p>El paro fue convocado por el gremio a nivel nacional.&nbsp;<strong>SUTE adhiere a Ctera y se suma al plan de acci\u00f3n pero con diferencias en cuanto a las medidas.<\/strong><\/p>\n\n\n\n<p><strong>Sonia Alesso<\/strong>, secretaria general de&nbsp;<strong>Ctera<\/strong>, se\u00f1al\u00f3 que en el congreso gremial&nbsp;<strong>se vot\u00f3 &#8220;de manera un\u00e1nime&#8221; que haya paro nacional docente por 24 horas<\/strong>. Adem\u00e1s, se vot\u00f3 que se realicen&nbsp;<strong>movilizaciones&nbsp;<\/strong>en todas las provincias, como suceder\u00e1 en Mendoza.<\/p>\n\n\n\n<p>En tanto que el martes 27 ser\u00e1 la audiencia a la que llam\u00f3 el Gobierno nacional y en la que&nbsp;<strong>Ctera espera que se fije un salario m\u00ednimo<\/strong>.<\/p>\n\n\n\n<p>&#8220;Nosotros ven\u00edamos reclamando la convocatoria a la paritarias desde enero. Hemos tenido reuni\u00f3n, pero la convocatoria no se daba. M\u00e1s all\u00e1 de lo sectorial hemos planteado<strong>&nbsp;la urgencia y necesidad de que se enviaran los fondos que fueron retra\u00eddos de forma irregular a las provincias y a los docentes<\/strong>&#8220;, a\u00f1adi\u00f3 Alesso.<\/p>\n\n\n\n<p>&#8220;<strong>El pr\u00f3ximo mes los docentes de todo el pa\u00eds van a cobrar menos.<\/strong>&nbsp;Y no estamos hablando de poco. Estamos hablando del fondo compensador, del FONID y en el caso de la quinta hora se da un fen\u00f3meno particular: a varios docentes se les ha notificado que no va a continuar.&nbsp;<strong>Adem\u00e1s de ser desplazados de sus puestos de trabajo van a perder parte de su salario<\/strong>&#8220;, dijo al respecto la secretaria general.<\/p>\n\n\n\n<h2 class=\"wp-block-heading\">La situaci\u00f3n docente en Mendoza<\/h2>\n\n\n\n<p>Desde el Ministerio de Educaci\u00f3n y DGE resaltaron que&nbsp;<strong>Mendoza ha garantizado los fondos que la Naci\u00f3n decidi\u00f3 suspender<\/strong>.<\/p>\n\n\n\n<p>Asimismo, ya se cerr\u00f3 la&nbsp;<strong>paritaria docente<\/strong>&nbsp;con aceptaci\u00f3n por un aumento salarial del&nbsp;<strong>15% para febrero y para marzo y un bono de $90.000<\/strong>.<\/p>\n\n\n\n<p><strong>Fuente: www.diariouno.com.ar<\/strong><\/p>\n","protected":false},"excerpt":{"rendered":"<p>En Mendoza no habr\u00e1 paro&nbsp;el lunes 26 de febrero, d\u00eda para el que la DGE dispuso el comienzo de las clases. El&nbsp;Sindicato \u00danico de Trabajadores de la Educaci\u00f3n (SUTE)&nbsp;se adhiri\u00f3 a la&nbsp;convocatoria nacional de la Confederaci\u00f3n de Trabajadores de la Educaci\u00f3n (Ctera)&nbsp;pero s\u00f3lo con concentraci\u00f3n y movilizaci\u00f3n en horas de la tarde. El SUTE confirm\u00f3 [&hellip;]<\/p>\n","protected":false},"author":2,"featured_media":5595,"comment_status":"open","ping_status":"open","sticky":false,"template":"","format":"standard","meta":[],"categories":[90],"tags":[],"_links":{"self":[{"href":"https:\/\/pasaenmendoza.com\/index.php?rest_route=\/wp\/v2\/posts\/5594"}],"collection":[{"href":"https:\/\/pasaenmendoza.com\/index.php?rest_route=\/wp\/v2\/posts"}],"about":[{"href":"https:\/\/pasaenmendoza.com\/index.php?rest_route=\/wp\/v2\/types\/post"}],"author":[{"embeddable":true,"href":"https:\/\/pasaenmendoza.com\/index.php?rest_route=\/wp\/v2\/users\/2"}],"replies":[{"embeddable":true,"href":"https:\/\/pasaenmendoza.com\/index.php?rest_route=%2Fwp%2Fv2%2Fcomments&post=5594"}],"version-history":[{"count":2,"href":"https:\/\/pasaenmendoza.com\/index.php?rest_route=\/wp\/v2\/posts\/5594\/revisions"}],"predecessor-version":[{"id":5597,"href":"https:\/\/pasaenmendoza.com\/index.php?rest_route=\/wp\/v2\/posts\/5594\/revisions\/5597"}],"wp:featuredmedia":[{"embeddable":true,"href":"https:\/\/pasaenmendoza.com\/index.php?rest_route=\/wp\/v2\/media\/5595"}],"wp:attachment":[{"href":"https:\/\/pasaenmendoza.com\/index.php?rest_route=%2Fwp%2Fv2%2Fmedia&parent=5594"}],"wp:term":[{"taxonomy":"category","embeddable":true,"href":"https:\/\/pasaenmendoza.com\/index.php?rest_route=%2Fwp%2Fv2%2Fcategories&post=5594"},{"taxonomy":"post_tag","embeddable":true,"href":"https:\/\/pasaenmendoza.com\/index.php?rest_route=%2Fwp%2Fv2%2Ftags&post=5594"}],"curies":[{"name":"wp","href":"https:\/\/api.w.org\/{rel}","templated":true}]}}