{"id":5607,"date":"2024-02-23T15:05:39","date_gmt":"2024-02-23T14:05:39","guid":{"rendered":"https:\/\/pasaenmendoza.com\/?p=5607"},"modified":"2024-02-23T15:05:40","modified_gmt":"2024-02-23T14:05:40","slug":"oficializaron-el-bono-de-70-000-para-jubilados-a-quienes-alcanza","status":"publish","type":"post","link":"https:\/\/pasaenmendoza.com\/?p=5607","title":{"rendered":"Oficializaron el bono de $70.000 para jubilados: a qui\u00e9nes alcanza"},"content":{"rendered":"\n<p>El Gobierno nacional oficializ\u00f3 hoy una &#8220;ayuda previsional econ\u00f3mica&#8221; de $70.000 para los&nbsp;<strong>jubilados<\/strong>&nbsp;que cobran la m\u00ednima, beneficio que se cobrar\u00e1 el mes pr\u00f3ximo, y que ser\u00e1 abonado tambi\u00e9n parcialmente a personas que est\u00e9n por encima de la m\u00ednima hasta llevar su ingreso total a $ 204.445,30.<\/p>\n\n\n\n<p>As\u00ed lo establece el Decreto 177\/2024 publicado hoy en el Bolet\u00edn Oficial, que lleva la firma del presidente Javier Milei; del jefe de Gabinete, Nicol\u00e1s Posse; y de la ministra de Capital Humano, Sandra Pettovello.<\/p>\n\n\n\n<p>&#8220;Ot\u00f3rgase una ayuda econ\u00f3mica previsional por un monto m\u00e1ximo de $ 70.000, que se abonar\u00e1 en el mes de marzo de 2024&#8221;, sostiene el primer art\u00edculo.<\/p>\n\n\n\n<p>Adem\u00e1s, la norma precisa que quienes cobran la m\u00ednima, es decir, $134.445,30 &#8220;recibir\u00e1n el total del bono&#8221;, mientras que, para quienes cobren un monto mayor, la ayuda econ\u00f3mica ser\u00e1 \u201cigual a la suma necesaria necesaria hasta alcanzar el tope de $ 204.445,30?.<\/p>\n\n\n\n<p>\u201cDisp\u00f3nese que en el caso de beneficios de pensi\u00f3n, cualquiera sea la cantidad de copart\u00edcipes, estos deber\u00e1n ser considerados como un \u00fanico titular a los fines del derecho a la ayuda econ\u00f3mica previsional que se otorga por el presente decreto\u201d, especifica el decreto.<\/p>\n\n\n\n<p>En los considerandos, el decreto puntualiza &#8220;la grave situaci\u00f3n socioecon\u00f3mica que atraviesa el pa\u00eds que ha ocasionado, entre otras cuestiones, un alza acelerada del \u00edndice de precios, con especial incidencia en los adultos mayores de menores ingresos, para quienes es necesario acudir a su sostenimiento\u201d.<\/p>\n\n\n\n<p><strong>Fuente: www.mdzol.com<\/strong><\/p>\n","protected":false},"excerpt":{"rendered":"<p>El Gobierno nacional oficializ\u00f3 hoy una &#8220;ayuda previsional econ\u00f3mica&#8221; de $70.000 para los&nbsp;jubilados&nbsp;que cobran la m\u00ednima, beneficio que se cobrar\u00e1 el mes pr\u00f3ximo, y que ser\u00e1 abonado tambi\u00e9n parcialmente a personas que est\u00e9n por encima de la m\u00ednima hasta llevar su ingreso total a $ 204.445,30. As\u00ed lo establece el Decreto 177\/2024 publicado hoy en [&hellip;]<\/p>\n","protected":false},"author":2,"featured_media":5608,"comment_status":"open","ping_status":"open","sticky":false,"template":"","format":"standard","meta":[],"categories":[57],"tags":[],"_links":{"self":[{"href":"https:\/\/pasaenmendoza.com\/index.php?rest_route=\/wp\/v2\/posts\/5607"}],"collection":[{"href":"https:\/\/pasaenmendoza.com\/index.php?rest_route=\/wp\/v2\/posts"}],"about":[{"href":"https:\/\/pasaenmendoza.com\/index.php?rest_route=\/wp\/v2\/types\/post"}],"author":[{"embeddable":true,"href":"https:\/\/pasaenmendoza.com\/index.php?rest_route=\/wp\/v2\/users\/2"}],"replies":[{"embeddable":true,"href":"https:\/\/pasaenmendoza.com\/index.php?rest_route=%2Fwp%2Fv2%2Fcomments&post=5607"}],"version-history":[{"count":1,"href":"https:\/\/pasaenmendoza.com\/index.php?rest_route=\/wp\/v2\/posts\/5607\/revisions"}],"predecessor-version":[{"id":5609,"href":"https:\/\/pasaenmendoza.com\/index.php?rest_route=\/wp\/v2\/posts\/5607\/revisions\/5609"}],"wp:featuredmedia":[{"embeddable":true,"href":"https:\/\/pasaenmendoza.com\/index.php?rest_route=\/wp\/v2\/media\/5608"}],"wp:attachment":[{"href":"https:\/\/pasaenmendoza.com\/index.php?rest_route=%2Fwp%2Fv2%2Fmedia&parent=5607"}],"wp:term":[{"taxonomy":"category","embeddable":true,"href":"https:\/\/pasaenmendoza.com\/index.php?rest_route=%2Fwp%2Fv2%2Fcategories&post=5607"},{"taxonomy":"post_tag","embeddable":true,"href":"https:\/\/pasaenmendoza.com\/index.php?rest_route=%2Fwp%2Fv2%2Ftags&post=5607"}],"curies":[{"name":"wp","href":"https:\/\/api.w.org\/{rel}","templated":true}]}}