{"id":5614,"date":"2024-02-26T13:19:40","date_gmt":"2024-02-26T12:19:40","guid":{"rendered":"https:\/\/pasaenmendoza.com\/?p=5614"},"modified":"2024-02-26T13:19:42","modified_gmt":"2024-02-26T12:19:42","slug":"subsidios-al-transporte-y-una-larga-pelea-de-mendoza-con-la-nacion","status":"publish","type":"post","link":"https:\/\/pasaenmendoza.com\/?p=5614","title":{"rendered":"Subsidios al transporte y una larga pelea de Mendoza con la Naci\u00f3n"},"content":{"rendered":"\n<p>Mendoza denuncia discriminaci\u00f3n en el reparto del Fondo Compensador del Interior desde la gesti\u00f3n de Fern\u00e1ndez. Ahora, Javier Milei elimin\u00f3 los subsidios y la provincia planea ir a la Justicia.<\/p>\n\n\n\n<p>Hace dos semanas, el Gobierno nacional decidi\u00f3 eliminar el&nbsp;<strong>Fondo Compensador del Interior&nbsp;<\/strong>en l\u00ednea con su objetivo de ajuste fiscal. Sin embargo, la medida fue percibida por los gobernadores como una represalia tras el frustrado paso de la ley \u00f3mnibus por el Congreso. Se trata de un fondo creado para subsidiar a las empresas de colectivos urbanos de las provincias y es el motivo por el que el gobernador de Chubut, Ignacio Torres, se puso en pie de guerra contra&nbsp;el presidente&nbsp;<strong>Javier Milei.&nbsp;<\/strong><\/p>\n\n\n\n<p>La semana pasada, se conoci\u00f3 el fallo de un juez federal de Rawson que dio lugar a una medida cautelar presentada por el gobierno de Chubut para que se suspenda la eliminaci\u00f3n del\u00a0<strong>Fondo Compensador del Interior.\u00a0<\/strong>Esta decisi\u00f3n de la Justicia abri\u00f3 la puerta para que otras provincias reclamen la restituci\u00f3n de los\u00a0<strong>subsidios<\/strong>, entre ellas, Mendoza.<\/p>\n\n\n\n<p>Desde el Gobierno de\u00a0<strong>Mendoza\u00a0<\/strong>aseguraron que est\u00e1n trabajando en una presentaci\u00f3n formal y que est\u00e1n buscando antecedentes y documentaci\u00f3n desde hace dos a\u00f1os. La idea es esperar a ver c\u00f3mo le va a Chubut en la Corte porque hasta ahora solo hay una decisi\u00f3n de un juzgado federal.\u00a0<\/p>\n\n\n\n<p>\u201cEstamos analizando la situaci\u00f3n y trabajando en algo al respecto pero con m\u00e1s pruebas\u201d, indicaron desde el Ejecutivo sin m\u00e1s detalles antes las consultas de MDZ.\u00a0<\/p>\n\n\n\n<p>Uno de los primeros en criticar la medida fue el gobernador Alfredo Cornejo. \u201cCreo que es una decisi\u00f3n tonta, rid\u00edcula, poco inteligente. Tonta por donde se la vea\u201d, dijo el mandatario provincial sin tapujos cuando se conoci\u00f3 la medida de la Secretar\u00eda de&nbsp;<strong>Transporte&nbsp;<\/strong>de la Naci\u00f3n.<\/p>\n\n\n\n<p>\u201cClaro que hay que reducir subsidios en Argentina, pero hay que hacerlo de manera inteligente. No es de esta forma. Los que hicieron las cosas bien est\u00e1n siendo perjudicados\u201d, agreg\u00f3. Alfredo Cornejo se refer\u00eda directamente a su antiguo reclamo de discriminaci\u00f3n entre las provincias y el AMBA que hist\u00f3ricamente recibi\u00f3 m\u00e1s subsidios para&nbsp;<strong>transporte<\/strong>.&nbsp;<\/p>\n\n\n\n<h2 class=\"wp-block-heading\">Mendoza, los subsidios y los reclamos<\/h2>\n\n\n\n<p>\u201cEn t\u00e9rminos de federalismo estamos en el peor momento de Argentina\u201d, denunciaba en 2021 el por entonces secretario de\u00a0<strong>Transporte<\/strong>, Natalio Mema,\u00a0para se\u00f1alar la inequidad entre los\u00a0<strong>subsidios\u00a0<\/strong>que recib\u00eda el AMBA\u00a0y los que llegaban de forma irregular a\u00a0<strong>Mendoza<\/strong>.<\/p>\n\n\n\n<p>En ese momento, Mema aseguraba que en t\u00e9rminos reales los recortes eran del 50%. \u201cPara el Gobierno Nacional un mendocino vale menos que una persona que vive en AMBA\u201d, cerraba su reclamo el funcionario provincial.<\/p>\n\n\n\n<p>En mayo 2022, cuando Alfredo Cornejo era legislador nacional, present\u00f3 en el Senado un proyecto de redistribuci\u00f3n de los&nbsp;<strong>subsidios&nbsp;<\/strong>al&nbsp;<strong>transporte&nbsp;<\/strong>p\u00fablico de pasajeros para terminar con la inequidad entre el AMBA y las provincias del interior del pa\u00eds. Seg\u00fan palabras de Cornejo, 85% del total de&nbsp;<strong>subsidios&nbsp;<\/strong>nacionales eran para el AMBA (donde se subsidiaba el 100% del pasaje), mientras que solo 15% restante se repart\u00eda entre el resto de las provincias. Adem\u00e1s, en ese momento a&nbsp;<strong>Mendoza&nbsp;<\/strong>llegaban la mitad de los fondos que correspond\u00edan.<\/p>\n\n\n\n<p>En julio del a\u00f1o pasado,&nbsp;<strong>Mendoza&nbsp;<\/strong>reclamaba los pagos que no llegaban desde febrero. \u201cEl dinero no lo entregaron porque hab\u00eda un supuesto error en una planilla de San Rafael, cosa que no era cierta y ya demostramos. Todos los meses cambiaban la forma en presentar las rendiciones correspondientes\u201d, dijo en ese momento Mema.&nbsp;<\/p>\n\n\n\n<p>La discusi\u00f3n se extendi\u00f3 hasta octubre. La Naci\u00f3n dijo que\u00a0<strong>Mendoza\u00a0<\/strong>no entregaba documentaci\u00f3n y desde la provincia aseguraron que a la documentaci\u00f3n obligatoria se sumaron 24 notas y reuniones presenciales para aclarar dudas y diferencias, pero ni esas gestiones lograron destrabar los\u00a0<strong>subsidios<\/strong>. \u201cEl federalismo est\u00e1 en su peor momento con el gobierno de Cristina y Massa\u201d, escribi\u00f3 ir\u00f3nico Natalio Mema en su cuenta de X en ese momento. \u00a0<\/p>\n\n\n\n<p>Un mes despu\u00e9s se supo que la documentaci\u00f3n que faltaba era de unos 20 recorridos de media y larga distancia que hab\u00edan ocurrido entre los a\u00f1os 2008 y 2013, en las gestiones de Celso Jaque y Francisco P\u00e9rez. El problema es que en esa \u00e9poca gran parte de las resoluciones solo estaban en formato papel y muchas se perdieron o fueron destruidas por exfuncionarios.&nbsp;<\/p>\n\n\n\n<p>A noviembre del a\u00f1o pasado,&nbsp;<strong>Mendoza&nbsp;<\/strong>hab\u00eda recibido $1.643 millones. En febrero de 2003 se hab\u00edan cortado los desembolsos y hab\u00eda llegado uno solo de $1.100 millones. En ese momento, la deuda de la Naci\u00f3n era de $6.277 millones.<\/p>\n\n\n\n<h2 class=\"wp-block-heading\">El caso de Chubut<\/h2>\n\n\n\n<p>La primera provincia en reclamar formalmente por el corte de&nbsp;<strong>subsidios&nbsp;<\/strong>al&nbsp;<strong>transporte&nbsp;<\/strong>fue Chubut. El gobernador Ignacio Torres se present\u00f3 ante la Justicia Federal y pidi\u00f3 una medida cautelar para que se suspenda la eliminaci\u00f3n del Fondo Compensador del interior dispuesta por el Gobierno Nacional.&nbsp;<\/p>\n\n\n\n<p>La semana pasada, el juez federal de Rawson Hugo Ricardo Sastre dio lugar a la medida cautelar y la noticia fue acompa\u00f1ada por un comunicado de la Provincias Unidas del Sur (Tierra del Fuego, Santa Cruz, Chubut, R\u00edo Negro, Neuqu\u00e9n y La Pampa) en donde aseguraron que \u201clas provincias son preexistentes a la Naci\u00f3n\u201d y que \u201cnadie puede someterlas ni extorsinalas con amenazas de restricci\u00f3n de fondos p\u00fablicos que les pertenecen\u201d.<\/p>\n\n\n\n<p>\u201cSi no cumplen con la Constituci\u00f3n y no le env\u00edan los recursos a los Chubutenses, entonces Chubut no entregar\u00e1 su petr\u00f3leo y su gas\u201d, dispar\u00f3 el gobernador de Chubut en X y despert\u00f3 el enojo de Javier Milei que trat\u00f3 de \u201cdegeneradores fiscales\u201d a los mandatarios provinciales y comparti\u00f3 un comunicado de la Oficina del Presidente.\u00a0<\/p>\n\n\n\n<p>En primer lugar, el Gobierno Nacional asegur\u00f3 que los fondos que se recortaron corresponden a una deuda de Chubut con el Fondo Fiduciario. Despu\u00e9s apunt\u00f3 contra los gastos provinciales. \u201cDe ninguna manera el Poder Ejecutivo Nacional contribuir\u00e1 al financiamiento del despilfarro de las provincias que se niegan a bajar gastos innecesarios, eliminar cargos pol\u00edticos prescindibles y gobernar con austeridad (&#8230;) Si a los gobernadores no les alcanza deber\u00e1n reducir dr\u00e1sticamente el gasto p\u00fablico\u201d, se\u00f1alaron desde la Oficina del Presidente.<\/p>\n\n\n\n<p>Los gobernadores de Juntos por el Cambio se solidarizaron y sacaron un comunicado en apoyo a Torres. \u201cEl Gobierno Nacional debe cumplir con la Constituci\u00f3n y enviar urgentemente los recursos coparticipables que le pertenecen a la provincia. No cumplir con la ley y los acuerdos entre Naci\u00f3n y provincias no afecta a los gobernadores sino a los 50 millones de argentinos que viven en las 24 jurisdicciones del pa\u00eds\u201d, dice el documento firmado por Alfredo Cornejo.\u00a0<\/p>\n\n\n\n<p>FUENTE: MDZonline.<\/p>\n","protected":false},"excerpt":{"rendered":"<p>Mendoza denuncia discriminaci\u00f3n en el reparto del Fondo Compensador del Interior desde la gesti\u00f3n de Fern\u00e1ndez. Ahora, Javier Milei elimin\u00f3 los subsidios y la provincia planea ir a la Justicia. Hace dos semanas, el Gobierno nacional decidi\u00f3 eliminar el&nbsp;Fondo Compensador del Interior&nbsp;en l\u00ednea con su objetivo de ajuste fiscal. Sin embargo, la medida fue percibida [&hellip;]<\/p>\n","protected":false},"author":2,"featured_media":5619,"comment_status":"open","ping_status":"open","sticky":true,"template":"","format":"standard","meta":[],"categories":[47],"tags":[],"_links":{"self":[{"href":"https:\/\/pasaenmendoza.com\/index.php?rest_route=\/wp\/v2\/posts\/5614"}],"collection":[{"href":"https:\/\/pasaenmendoza.com\/index.php?rest_route=\/wp\/v2\/posts"}],"about":[{"href":"https:\/\/pasaenmendoza.com\/index.php?rest_route=\/wp\/v2\/types\/post"}],"author":[{"embeddable":true,"href":"https:\/\/pasaenmendoza.com\/index.php?rest_route=\/wp\/v2\/users\/2"}],"replies":[{"embeddable":true,"href":"https:\/\/pasaenmendoza.com\/index.php?rest_route=%2Fwp%2Fv2%2Fcomments&post=5614"}],"version-history":[{"count":1,"href":"https:\/\/pasaenmendoza.com\/index.php?rest_route=\/wp\/v2\/posts\/5614\/revisions"}],"predecessor-version":[{"id":5620,"href":"https:\/\/pasaenmendoza.com\/index.php?rest_route=\/wp\/v2\/posts\/5614\/revisions\/5620"}],"wp:featuredmedia":[{"embeddable":true,"href":"https:\/\/pasaenmendoza.com\/index.php?rest_route=\/wp\/v2\/media\/5619"}],"wp:attachment":[{"href":"https:\/\/pasaenmendoza.com\/index.php?rest_route=%2Fwp%2Fv2%2Fmedia&parent=5614"}],"wp:term":[{"taxonomy":"category","embeddable":true,"href":"https:\/\/pasaenmendoza.com\/index.php?rest_route=%2Fwp%2Fv2%2Fcategories&post=5614"},{"taxonomy":"post_tag","embeddable":true,"href":"https:\/\/pasaenmendoza.com\/index.php?rest_route=%2Fwp%2Fv2%2Ftags&post=5614"}],"curies":[{"name":"wp","href":"https:\/\/api.w.org\/{rel}","templated":true}]}}