{"id":5615,"date":"2024-02-26T13:14:58","date_gmt":"2024-02-26T12:14:58","guid":{"rendered":"https:\/\/pasaenmendoza.com\/?p=5615"},"modified":"2024-02-26T13:14:59","modified_gmt":"2024-02-26T12:14:59","slug":"un-comienzo-de-la-semana-caluroso-con-algunas-tormentas","status":"publish","type":"post","link":"https:\/\/pasaenmendoza.com\/?p=5615","title":{"rendered":"Un comienzo de la semana caluroso con algunas tormentas"},"content":{"rendered":"\n<p>El comienzo de la semana ser\u00e1 caluroso y se esperan algunas tormentas en la provincia de Mendoza.<\/p>\n\n\n\n<p>Desde la\u00a0Direcci\u00f3n de Contingencias Clim\u00e1ticas\u00a0informaron que el pron\u00f3stico indica caluroso con nubosidad variable y tormentas aisladas, con algunos vientos leves del noreste.<\/p>\n\n\n\n<p>En cuanto a la temperatura m\u00e1xima, se estima que ser\u00e1 de 33 grados cent\u00edgrados y la m\u00ednima de 20 grados.<\/p>\n\n\n\n<p>Por su parte, el\u00a0Servicio Meteorol\u00f3gico Nacional (SMN)\u00a0se\u00f1alan que el cielo estar\u00e1 algo nublado por la ma\u00f1ana y en la tarde-noche seguir\u00e1 parcialmente nublado.<\/p>\n\n\n\n<p>Para el SMN la temperatura m\u00e1xima ser\u00e1 de 33 grados cent\u00edgrados y la m\u00ednima de 22 grados.\u00a0<\/p>\n\n\n\n<p><strong>Fuente: www.mendozapost.com<\/strong><\/p>\n","protected":false},"excerpt":{"rendered":"<p>El comienzo de la semana ser\u00e1 caluroso y se esperan algunas tormentas en la provincia de Mendoza. Desde la\u00a0Direcci\u00f3n de Contingencias Clim\u00e1ticas\u00a0informaron que el pron\u00f3stico indica caluroso con nubosidad variable y tormentas aisladas, con algunos vientos leves del noreste. En cuanto a la temperatura m\u00e1xima, se estima que ser\u00e1 de 33 grados cent\u00edgrados y la [&hellip;]<\/p>\n","protected":false},"author":2,"featured_media":5616,"comment_status":"open","ping_status":"open","sticky":false,"template":"","format":"standard","meta":[],"categories":[52],"tags":[],"_links":{"self":[{"href":"https:\/\/pasaenmendoza.com\/index.php?rest_route=\/wp\/v2\/posts\/5615"}],"collection":[{"href":"https:\/\/pasaenmendoza.com\/index.php?rest_route=\/wp\/v2\/posts"}],"about":[{"href":"https:\/\/pasaenmendoza.com\/index.php?rest_route=\/wp\/v2\/types\/post"}],"author":[{"embeddable":true,"href":"https:\/\/pasaenmendoza.com\/index.php?rest_route=\/wp\/v2\/users\/2"}],"replies":[{"embeddable":true,"href":"https:\/\/pasaenmendoza.com\/index.php?rest_route=%2Fwp%2Fv2%2Fcomments&post=5615"}],"version-history":[{"count":1,"href":"https:\/\/pasaenmendoza.com\/index.php?rest_route=\/wp\/v2\/posts\/5615\/revisions"}],"predecessor-version":[{"id":5617,"href":"https:\/\/pasaenmendoza.com\/index.php?rest_route=\/wp\/v2\/posts\/5615\/revisions\/5617"}],"wp:featuredmedia":[{"embeddable":true,"href":"https:\/\/pasaenmendoza.com\/index.php?rest_route=\/wp\/v2\/media\/5616"}],"wp:attachment":[{"href":"https:\/\/pasaenmendoza.com\/index.php?rest_route=%2Fwp%2Fv2%2Fmedia&parent=5615"}],"wp:term":[{"taxonomy":"category","embeddable":true,"href":"https:\/\/pasaenmendoza.com\/index.php?rest_route=%2Fwp%2Fv2%2Fcategories&post=5615"},{"taxonomy":"post_tag","embeddable":true,"href":"https:\/\/pasaenmendoza.com\/index.php?rest_route=%2Fwp%2Fv2%2Ftags&post=5615"}],"curies":[{"name":"wp","href":"https:\/\/api.w.org\/{rel}","templated":true}]}}