{"id":5621,"date":"2024-02-26T13:23:44","date_gmt":"2024-02-26T12:23:44","guid":{"rendered":"https:\/\/pasaenmendoza.com\/?p=5621"},"modified":"2024-02-26T13:23:45","modified_gmt":"2024-02-26T12:23:45","slug":"cornejo-y-garcia-zalazar-dan-inicio-al-ciclo-lectivo-2024-en-una-escuela-de-maipu","status":"publish","type":"post","link":"https:\/\/pasaenmendoza.com\/?p=5621","title":{"rendered":"Cornejo y Garc\u00eda Zalazar dan inicio al ciclo lectivo 2024 en una escuela de Maip\u00fa"},"content":{"rendered":"\n<p>Los chicos del nivel primario comienzan las clases este lunes en toda la provincia<\/p>\n\n\n\n<p>El gobernador&nbsp;<strong>Alfredo Cornejo<\/strong>, junto al ministro de Educaci\u00f3n, Cultura, Infancias y DGE,&nbsp;<strong>Tadeo Garc\u00eda Zalazar<\/strong>&nbsp;se hicieron presentes en la Escuela N.\u00ba 1-330 Pascual Toso de&nbsp;<strong>Maip\u00fa&nbsp;<\/strong>para dar inicio del ciclo lectivo 2024 del nivel primario en toda la provincia. Los estudiantes del secundario volver\u00e1n al aula este mi\u00e9rcoles.<\/p>\n\n\n\n<p>El comienzo de las clases se da un contexto en el que el sector docente se encuentra en pleno conflicto con el Gobierno nacional debido al reclamo de la paritaria nacional y en rechazo de la eliminaci\u00f3n del Fondo Nacional de Incentivo Docente (Fonid).<\/p>\n\n\n\n<p>Por estos motivos, la Confederaci\u00f3n de Trabajadores de la Educaci\u00f3n de la Rep\u00fablica Argentina (Ctera), del que el Sindicato \u00danico de Trabajadores de la Educaci\u00f3n (SUTE) forma parte, ha anunciado un paro con movilizaci\u00f3n de 24 horas en diferencias provincias del pa\u00eds.<\/p>\n\n\n\n<p>En\u00a0<strong>Mendoza<\/strong>, el gremio docente respald\u00f3 el paro nacional de Ctera, pero no llam\u00f3 a sus afiliados a adherirse. Sin embargo, por la tarde se movilizar\u00e1n a partir de las 18.30 a Avenida San Mart\u00edn y Peatonal Sarmiento de la Ciudad de Mendoza<\/p>\n\n\n\n<p>Esta ma\u00f1ana, miembros del sindicato aguardaron la llegada del gobernador en la puerta de la escuela de Maip\u00fa para entregarle un petitorio en el que exig\u00edan \u201cque se garantice la continuidad de los fondos nacionales\u201d.<\/p>\n\n\n\n<p>A pesar de haber llegado a un acuerdo salarial, la secretaria General de SUTE,\u00a0<strong>Carina Sedano<\/strong>, remarc\u00f3 que los sueldos docentes siguen siendo una \u201cexigencia\u201d y argument\u00f3:\u00a0<em>\u201cNo sabemos qu\u00e9 va a pasar con los docentes de jornada completa y con el incentivo\u201d. \u00a0\u00a0<\/em><\/p>\n\n\n\n<p>Otro de los reclamos que le plantear\u00e1 el gremio docente tanto al gobernador como al ministro de Educaci\u00f3n y titular de la DGE son las&nbsp;<strong>partidas presupuestarias destinadas a los comedores escolares&nbsp;<\/strong>y las<strong>&nbsp;condiciones edilicias<\/strong>&nbsp;de las escuelas en toda la provincia.<\/p>\n\n\n\n<p>&nbsp;\u201cOtra preocupaci\u00f3n es qu\u00e9 va a pasar con nuestros estudiantes, qu\u00e9 va a pasar con ellos en los comedores, con sus \u00fatiles escolares, principalmente de zonas vulnerables. Tambi\u00e9n nos preocupan las condiciones de los edificios y las mejoras de los edificios que tambi\u00e9n la infraestructura escolar impacta en la calidad de la ense\u00f1anza, han frenado las obras nacionales de construcci\u00f3n de escuela\u201d, subray\u00f3 Sedano.<\/p>\n\n\n\n<p>Previo al comienzo de clases,&nbsp;<strong>Cornejo&nbsp;<\/strong>sac\u00f3 provecho de haber llegado a un acuerdo paritario con el SUTE.<\/p>\n\n\n\n<p><em>\u201cEl incremento salarial nos permite iniciar este ciclo lectivo sin conflictos gremiales. En mi gobierno la educaci\u00f3n es prioridad. Le doy mi palabra a toda la comunidad educativa, que vamos a trabajar desde la Direcci\u00f3n General de Escuelas, con compromiso y determinaci\u00f3n para mejorar cada aspecto que necesite ser optimizado\u201d, expres\u00f3 el mandatario provincial en su cuenta de X.<\/em><\/p>\n\n\n\n<p>FUENTE: Elsol.com.ar <\/p>\n","protected":false},"excerpt":{"rendered":"<p>Los chicos del nivel primario comienzan las clases este lunes en toda la provincia El gobernador&nbsp;Alfredo Cornejo, junto al ministro de Educaci\u00f3n, Cultura, Infancias y DGE,&nbsp;Tadeo Garc\u00eda Zalazar&nbsp;se hicieron presentes en la Escuela N.\u00ba 1-330 Pascual Toso de&nbsp;Maip\u00fa&nbsp;para dar inicio del ciclo lectivo 2024 del nivel primario en toda la provincia. Los estudiantes del secundario [&hellip;]<\/p>\n","protected":false},"author":2,"featured_media":5625,"comment_status":"open","ping_status":"open","sticky":true,"template":"","format":"standard","meta":[],"categories":[47],"tags":[],"_links":{"self":[{"href":"https:\/\/pasaenmendoza.com\/index.php?rest_route=\/wp\/v2\/posts\/5621"}],"collection":[{"href":"https:\/\/pasaenmendoza.com\/index.php?rest_route=\/wp\/v2\/posts"}],"about":[{"href":"https:\/\/pasaenmendoza.com\/index.php?rest_route=\/wp\/v2\/types\/post"}],"author":[{"embeddable":true,"href":"https:\/\/pasaenmendoza.com\/index.php?rest_route=\/wp\/v2\/users\/2"}],"replies":[{"embeddable":true,"href":"https:\/\/pasaenmendoza.com\/index.php?rest_route=%2Fwp%2Fv2%2Fcomments&post=5621"}],"version-history":[{"count":1,"href":"https:\/\/pasaenmendoza.com\/index.php?rest_route=\/wp\/v2\/posts\/5621\/revisions"}],"predecessor-version":[{"id":5626,"href":"https:\/\/pasaenmendoza.com\/index.php?rest_route=\/wp\/v2\/posts\/5621\/revisions\/5626"}],"wp:featuredmedia":[{"embeddable":true,"href":"https:\/\/pasaenmendoza.com\/index.php?rest_route=\/wp\/v2\/media\/5625"}],"wp:attachment":[{"href":"https:\/\/pasaenmendoza.com\/index.php?rest_route=%2Fwp%2Fv2%2Fmedia&parent=5621"}],"wp:term":[{"taxonomy":"category","embeddable":true,"href":"https:\/\/pasaenmendoza.com\/index.php?rest_route=%2Fwp%2Fv2%2Fcategories&post=5621"},{"taxonomy":"post_tag","embeddable":true,"href":"https:\/\/pasaenmendoza.com\/index.php?rest_route=%2Fwp%2Fv2%2Ftags&post=5621"}],"curies":[{"name":"wp","href":"https:\/\/api.w.org\/{rel}","templated":true}]}}