{"id":5624,"date":"2024-02-26T13:26:17","date_gmt":"2024-02-26T12:26:17","guid":{"rendered":"https:\/\/pasaenmendoza.com\/?p=5624"},"modified":"2024-02-26T13:26:18","modified_gmt":"2024-02-26T12:26:18","slug":"murio-el-joven-que-golpearon-para-robarle-la-bicicleta-cuando-iba-al-trabajo-en-las-heras","status":"publish","type":"post","link":"https:\/\/pasaenmendoza.com\/?p=5624","title":{"rendered":"Muri\u00f3 el joven que golpearon para robarle la bicicleta cuando iba al trabajo en Las Heras"},"content":{"rendered":"\n<p>Este domingo pasado\u00a0<strong>muri\u00f3 Gabriel Ortiz Vilchez, el joven que el lunes pasado fue atacado a golpes<\/strong>, en Las Heras,\u00a0<strong>para robarle su bicicleta cuando iba a su trabajo\u00a0<\/strong>en la f\u00e1brica de piletas IPC que est\u00e1 en el Parque Industrial de de la comuna norte\u00f1a.<\/p>\n\n\n\n<p>La v\u00edctima de 30 a\u00f1os estaba casado y ten\u00eda tres hijos. Pas\u00f3 sus \u00faltimos d\u00edas en terapia intensiva del hospital Italiano por el fuerte golpe que recibi\u00f3 en la cabeza. La hab\u00edan realizado una cirug\u00eda y luego lo diagnosticaron con\u00a0<strong>muerte cerebral por lo que su familia decidi\u00f3 donar los \u00f3rganos<\/strong>.<\/p>\n\n\n\n<p>Los familiares, amigos y compa\u00f1eros de trabajo llamaron a una marcha para el martes 27 a las 18, en la esquina de Lisandro Moyano y Fangio, para pedir justicia.<\/p>\n\n\n\n<p>Por un caso similar, tambi\u00e9n en Las Heras,\u00a0hace un a\u00f1o H\u00e9ctor Pitay Maravilla, de 21 a\u00f1os, fue condenado a prisi\u00f3n perpetua por el asesinado de Emiliano Fern\u00e1ndez, de 37 a\u00f1os, empleado de Cuyo Placas.\u00a0El crimen ocurri\u00f3 el 14 de marzo del 2022, cuando la v\u00edctima llegaba a trabajar en su bicicleta y fue atacado por el Pitay, quien se le apareci\u00f3 repentinamente y lo golpe\u00f3 con una piedra en la cara para robarle la bicicleta. El hecho qued\u00f3 grabado por las c\u00e1maras de seguridad de la zona.<\/p>\n\n\n\n<p><strong>Gabriel Ortiz fue encontrado inconsciente en la calle<\/strong><\/p>\n\n\n\n<p><strong>Gabriel Ortiz&nbsp;<\/strong>fue encontrado inconsciente en la calle y lo trasladaron al Hospital Central donde<strong>&nbsp;12 horas m\u00e1s tarde lograron identificarlo<\/strong>. Por las heridas sufridas en su cabeza qued\u00f3 internado en terapia intensiva en grave estado.<\/p>\n\n\n\n<p>El hecho ocurri\u00f3 en calle Lisandro Moyano y Fangio, de Las Heras,&nbsp;<strong>alrededor de las 6.30 del lunes pasado<\/strong>. Varios llamados al 911 alertaron sobre un hombre que estaba inconsciente en el suelo. La Polic\u00eda y una ambulancia del Servicio de Emergencias Coordinado llegaron al lugar y asistieron a la v\u00edctima, quien no reaccionaba y lo trasladaron al Hospital Central.<\/p>\n\n\n\n<p>Los polic\u00edas reconstruyeron parte de lo ocurrido y la primera hip\u00f3tesis era que la v\u00edctima hab\u00eda sido golpeada en su cabeza debido a la herida que ten\u00eda en una de sus orejas y qued\u00f3 inconsciente. Seg\u00fan los pesquisas, el o los delincuentes lo golpearon para robarle la bicicleta que usaba para ir a su trabajo.<\/p>\n\n\n\n<p>Una vez en el Central determinaron que ten\u00eda lesiones en su cabeza y segu\u00eda inconsciente. Debido a esto y a que no le encontraron sus documentos, no pod\u00edan saber qui\u00e9n era. Alrededor de las 10 del lunes personal de la Unidad Investigativa de Las Heras habl\u00f3 con los vecinos de la zona para determinar lo ocurrido e identificar al hombre, pero nadie aport\u00f3 datos.<\/p>\n\n\n\n<p>Tambi\u00e9n revisaron las im\u00e1genes de las c\u00e1maras de seguridad de la zona, pero los resultados tambi\u00e9n fueron negativos.<\/p>\n\n\n\n<p>Doce horas sin poder identificar a un hombre golpeado<\/p>\n\n\n\n<p>Las horas pasaban, la v\u00edctima segu\u00eda inconsciente y todav\u00eda no sab\u00edan c\u00f3mo se llamaba. Desde la fiscal\u00eda que investiga el caso ordenaron que personal policial fuera al hospital con el aparato biom\u00e9trico para sacar los datos de la persona, pero tampoco pudieron identificarlo debido a que no ten\u00eda antecedentes.<\/p>\n\n\n\n<p>En la tarde del lunes lo identificaron por el logo en su remera y constataron que se trataba Gabriel Ortiz, quien ten\u00eda domicilio en Las Heras. Hab\u00eda salido de su casa en bicicleta para ir a trabajar a la f\u00e1brica de piletas que queda en el Parque Industrial, a 5 kil\u00f3metros de su residencia.<\/p>\n\n\n\n<p><strong>Fuente: www.diariouno.com.ar<\/strong><a rel=\"noreferrer noopener\" href=\"https:\/\/www.facebook.com\/dialog\/feed?app_id=161316767303985&amp;link=https%3A%2F%2Fwww.diariouno.com.ar%2Fpoliciales%2Fmurio-el-joven-que-golpearon-robarle-la-bicicleta-cuando-iba-al-trabajo-las-heras-n1298231&amp;name=Muri%C3%B3+el+joven+que+golpearon+para+robarle+la+bicicleta+cuando+iba+al+trabajo+en+Las+Heras&amp;caption=Violencia+en+Mendoza&amp;description=Se+trata+de+Gabriel+Ortiz%2C+quien+ten%C3%ADa+de+30+a%C3%B1os+y+estaba+en+terapia+intensiva+del+hospital+Italiano+por+el+fuerte+golpe+que+recibi%C3%B3+en+la+cabeza&amp;redirect_uri=https%3A%2F%2Fwww.diariouno.com.ar%2Fpoliciales%2Fmurio-el-joven-que-golpearon-robarle-la-bicicleta-cuando-iba-al-trabajo-las-heras-n1298231\" target=\"_blank\"><\/a><\/p>\n","protected":false},"excerpt":{"rendered":"<p>Este domingo pasado\u00a0muri\u00f3 Gabriel Ortiz Vilchez, el joven que el lunes pasado fue atacado a golpes, en Las Heras,\u00a0para robarle su bicicleta cuando iba a su trabajo\u00a0en la f\u00e1brica de piletas IPC que est\u00e1 en el Parque Industrial de de la comuna norte\u00f1a. La v\u00edctima de 30 a\u00f1os estaba casado y ten\u00eda tres hijos. Pas\u00f3 [&hellip;]<\/p>\n","protected":false},"author":2,"featured_media":5629,"comment_status":"open","ping_status":"open","sticky":false,"template":"","format":"standard","meta":[],"categories":[48],"tags":[],"_links":{"self":[{"href":"https:\/\/pasaenmendoza.com\/index.php?rest_route=\/wp\/v2\/posts\/5624"}],"collection":[{"href":"https:\/\/pasaenmendoza.com\/index.php?rest_route=\/wp\/v2\/posts"}],"about":[{"href":"https:\/\/pasaenmendoza.com\/index.php?rest_route=\/wp\/v2\/types\/post"}],"author":[{"embeddable":true,"href":"https:\/\/pasaenmendoza.com\/index.php?rest_route=\/wp\/v2\/users\/2"}],"replies":[{"embeddable":true,"href":"https:\/\/pasaenmendoza.com\/index.php?rest_route=%2Fwp%2Fv2%2Fcomments&post=5624"}],"version-history":[{"count":1,"href":"https:\/\/pasaenmendoza.com\/index.php?rest_route=\/wp\/v2\/posts\/5624\/revisions"}],"predecessor-version":[{"id":5630,"href":"https:\/\/pasaenmendoza.com\/index.php?rest_route=\/wp\/v2\/posts\/5624\/revisions\/5630"}],"wp:featuredmedia":[{"embeddable":true,"href":"https:\/\/pasaenmendoza.com\/index.php?rest_route=\/wp\/v2\/media\/5629"}],"wp:attachment":[{"href":"https:\/\/pasaenmendoza.com\/index.php?rest_route=%2Fwp%2Fv2%2Fmedia&parent=5624"}],"wp:term":[{"taxonomy":"category","embeddable":true,"href":"https:\/\/pasaenmendoza.com\/index.php?rest_route=%2Fwp%2Fv2%2Fcategories&post=5624"},{"taxonomy":"post_tag","embeddable":true,"href":"https:\/\/pasaenmendoza.com\/index.php?rest_route=%2Fwp%2Fv2%2Ftags&post=5624"}],"curies":[{"name":"wp","href":"https:\/\/api.w.org\/{rel}","templated":true}]}}