{"id":5627,"date":"2024-02-26T13:29:02","date_gmt":"2024-02-26T12:29:02","guid":{"rendered":"https:\/\/pasaenmendoza.com\/?p=5627"},"modified":"2024-02-26T13:29:04","modified_gmt":"2024-02-26T12:29:04","slug":"el-gobernador-dijo-que-no-hay-que-tocar-los-recursos-de-las-provincias","status":"publish","type":"post","link":"https:\/\/pasaenmendoza.com\/?p=5627","title":{"rendered":"El Gobernador dijo que &#8220;no hay que tocar los recursos de las provincias&#8221;"},"content":{"rendered":"\n<p>Este domingo,\u00a0<strong>Alfredo Cornejo<\/strong>\u00a0particip\u00f3 de la\u00a0<strong>Bendici\u00f3n de los Frutos<\/strong>, que representa la apertura de los actos oficiales de la\u00a0<strong>Vendimia 2024<\/strong>. En la previa, el Gobernador fue consultado por el tema del momento: el enfrentamiento entre\u00a0<strong>Chubut<\/strong>\u00a0y el gobierno de\u00a0Javier Milei\u00a0por la retenci\u00f3n de los fondos coparticipables.<\/p>\n\n\n\n<p>El mandatario mendocino, que firm\u00f3 un documento junto a los dem\u00e1s gobernadores de Juntos por el Cambio apoyando la postura de la provincia petrolera, afirm\u00f3 que no est\u00e1 de acuerdo con &#8220;medidas coercitivas de cualquier tipo&#8221;. Fue ante la pregunta por la presunta retenci\u00f3n de gas y petr\u00f3leo que podr\u00edan aplicar los gobernadores del sur argentino, con Ignacio Torres (<strong>Chubut<\/strong>) a la cabeza.<\/p>\n\n\n\n<p><strong>Cornejo<\/strong>\u00a0remarc\u00f3 las provincias deben hacer un esfuerzo ante el &#8220;cambio de modelo econ\u00f3mico&#8221; que plantea este tiempo. No obstante, afirm\u00f3: &#8220;Mendoza ha hecho su esfuerzo y el Gobierno nacional tiene que hacer el suyo. Nuestra posici\u00f3n es que no hay que tocar los recursos de las provincias&#8221;.<\/p>\n\n\n\n<p>&#8220;Nuestra posici\u00f3n es que este cambio de modelo econ\u00f3mico, que requiere un ajuste de un mont\u00f3n de variables de la econom\u00eda, debe ser lo m\u00e1s equitativo posible, y que no pierdan los de siempre en ese cambio de modelo econ\u00f3mico -ampli\u00f3&nbsp;<strong>Cornejo<\/strong>-. Y para eso, el Gobierno nacional tiene que tener un calibre fino en cada una de esas modificaciones, y las provincias tenemos que hacer cada una nuestro esfuerzo&#8221;.<\/p>\n\n\n\n<p>Qui\u00e9nes vienen a los actos de Vendimia<\/p>\n\n\n\n<p>El Gobernador ratific\u00f3 que la vicepresidenta\u00a0Victoria Villarruel\u00a0y el ministro de Interior,\u00a0Guillermo Francos, ser\u00e1n parte de la\u00a0<strong>Fiesta Nacional de la Vendimia<\/strong>. Tambi\u00e9n asegur\u00f3 que &#8220;van a estar otros ministros&#8221;, aunque no dio m\u00e1s nombres.<\/p>\n\n\n\n<p>&#8220;Creo que vamos a tener muchas figuras nacionales visit\u00e1ndonos. Eso siempre es bueno, siempre es bienvenido, siempre es bueno que conozcan qu\u00e9 hacemos los mendocinos, as\u00ed que estoy contento de que venga la mayor cantidad de gente posible&#8221;, a\u00f1adi\u00f3\u00a0<strong>Cornejo<\/strong>.<\/p>\n\n\n\n<p>FUENTE: Mendozapost.<\/p>\n","protected":false},"excerpt":{"rendered":"<p>Este domingo,\u00a0Alfredo Cornejo\u00a0particip\u00f3 de la\u00a0Bendici\u00f3n de los Frutos, que representa la apertura de los actos oficiales de la\u00a0Vendimia 2024. En la previa, el Gobernador fue consultado por el tema del momento: el enfrentamiento entre\u00a0Chubut\u00a0y el gobierno de\u00a0Javier Milei\u00a0por la retenci\u00f3n de los fondos coparticipables. El mandatario mendocino, que firm\u00f3 un documento junto a los dem\u00e1s [&hellip;]<\/p>\n","protected":false},"author":2,"featured_media":5631,"comment_status":"open","ping_status":"open","sticky":true,"template":"","format":"standard","meta":[],"categories":[47],"tags":[],"_links":{"self":[{"href":"https:\/\/pasaenmendoza.com\/index.php?rest_route=\/wp\/v2\/posts\/5627"}],"collection":[{"href":"https:\/\/pasaenmendoza.com\/index.php?rest_route=\/wp\/v2\/posts"}],"about":[{"href":"https:\/\/pasaenmendoza.com\/index.php?rest_route=\/wp\/v2\/types\/post"}],"author":[{"embeddable":true,"href":"https:\/\/pasaenmendoza.com\/index.php?rest_route=\/wp\/v2\/users\/2"}],"replies":[{"embeddable":true,"href":"https:\/\/pasaenmendoza.com\/index.php?rest_route=%2Fwp%2Fv2%2Fcomments&post=5627"}],"version-history":[{"count":1,"href":"https:\/\/pasaenmendoza.com\/index.php?rest_route=\/wp\/v2\/posts\/5627\/revisions"}],"predecessor-version":[{"id":5632,"href":"https:\/\/pasaenmendoza.com\/index.php?rest_route=\/wp\/v2\/posts\/5627\/revisions\/5632"}],"wp:featuredmedia":[{"embeddable":true,"href":"https:\/\/pasaenmendoza.com\/index.php?rest_route=\/wp\/v2\/media\/5631"}],"wp:attachment":[{"href":"https:\/\/pasaenmendoza.com\/index.php?rest_route=%2Fwp%2Fv2%2Fmedia&parent=5627"}],"wp:term":[{"taxonomy":"category","embeddable":true,"href":"https:\/\/pasaenmendoza.com\/index.php?rest_route=%2Fwp%2Fv2%2Fcategories&post=5627"},{"taxonomy":"post_tag","embeddable":true,"href":"https:\/\/pasaenmendoza.com\/index.php?rest_route=%2Fwp%2Fv2%2Ftags&post=5627"}],"curies":[{"name":"wp","href":"https:\/\/api.w.org\/{rel}","templated":true}]}}