{"id":5628,"date":"2024-02-26T13:29:58","date_gmt":"2024-02-26T12:29:58","guid":{"rendered":"https:\/\/pasaenmendoza.com\/?p=5628"},"modified":"2024-02-26T13:29:59","modified_gmt":"2024-02-26T12:29:59","slug":"la-nacion-redujo-los-topes-de-ingresos-para-percibir-asignaciones-familiares","status":"publish","type":"post","link":"https:\/\/pasaenmendoza.com\/?p=5628","title":{"rendered":"La Naci\u00f3n redujo los topes de ingresos para percibir asignaciones familiares"},"content":{"rendered":"\n<p>El Gobierno nacional, a trav\u00e9s de\u00a0ANSES, modific\u00f3 mediante un\u00a0<strong>decreto publicado este lunes en el Bolet\u00edn Oficial<\/strong>\u00a0los\u00a0<strong>topes que reg\u00edan para la percepci\u00f3n de asignaciones familiares, al reducir de $1.980.000 a $1.077.403 el l\u00edmite de ingresos a nivel individual y de $3.960.000 a $2.154.806 el tope m\u00e1ximo familiar.<\/strong><\/p>\n\n\n\n<p>&#8220;La presente medida tiene por objeto implementar una\u00a0<strong>equitativa distribuci\u00f3n de los recursos<\/strong>\u00a0sobre la base del principio cardinal de solidaridad social en atenci\u00f3n al uso racional, eficaz y eficiente de los recursos p\u00fablicos&#8221;, se\u00f1alan los considerandos de la norma.<\/p>\n\n\n\n<p>Se trata del\u00a0<strong>Decreto 194\/2024<\/strong>, que lleva las firmas del presidente Javier Milei; del jefe de Gabinete, Nicol\u00e1s Posse; y de los ministros Guillermo Francos, Diana Mondino, Luis Petri, Luis Caputo, Mariano C\u00faneo Libarona, Patricia Bullrich, Mario Antonio Russo y Sandra Pettovello.<\/p>\n\n\n\n<p>Seg\u00fan indican los considerandos, el Ejecutivo tom\u00f3 esta decisi\u00f3n teniendo en cuenta que &#8220;<strong>la Rep\u00fablica Argentina se encuentra atravesando una situaci\u00f3n de in\u00e9dita gravedad, generadora de profundos desequilibrios que impactan negativamente en toda la poblaci\u00f3n<\/strong>, en especial en lo social y econ\u00f3mico&#8221;.<\/p>\n\n\n\n<h2 class=\"wp-block-heading\">\u00bfQu\u00e9 se toma en cuenta para el c\u00e1lculo de Ingresos del Grupo Familiar?<\/h2>\n\n\n\n<p>Para el pago de las&nbsp;<strong>Asignaciones Familiares<\/strong>&nbsp;se toma en cuenta el &#8220;Ingreso del Grupo Familiar&#8221; (IGF) que consiste en&nbsp;<strong>la suma de todos los ingresos de los integrantes del grupo familiar<\/strong>, el cual se calcula con:<\/p>\n\n\n\n<ul>\n<li>Las remuneraciones brutas y sumas no remunerativas declaradas por el empleador en el formulario 931 que presenta mensualmente en AFIP a los trabajadores en relaci\u00f3n de dependencia, excluyendo las horas extras, el plus por zona desfavorable y el aguinaldo.<\/li>\n\n\n\n<li>La Asignaci\u00f3n Familiar por Maternidad \/ Maternidad Down (en caso de corresponder).<\/li>\n\n\n\n<li>Las rentas de referencia para trabajadores aut\u00f3nomos, monotributistas y servicio dom\u00e9stico.<\/li>\n\n\n\n<li>Los haberes de jubilaci\u00f3n y pensi\u00f3n.<\/li>\n\n\n\n<li>El monto de la Prestaci\u00f3n por Desempleo.<\/li>\n\n\n\n<li>Planes Sociales.<\/li>\n\n\n\n<li>Las sumas originadas en Prestaciones Contributivas y\/o No Contributivas de cualquier \u00edndole.<\/li>\n<\/ul>\n\n\n\n<p><strong>Fuente: www.diariouno.com.ar<\/strong><\/p>\n","protected":false},"excerpt":{"rendered":"<p>El Gobierno nacional, a trav\u00e9s de\u00a0ANSES, modific\u00f3 mediante un\u00a0decreto publicado este lunes en el Bolet\u00edn Oficial\u00a0los\u00a0topes que reg\u00edan para la percepci\u00f3n de asignaciones familiares, al reducir de $1.980.000 a $1.077.403 el l\u00edmite de ingresos a nivel individual y de $3.960.000 a $2.154.806 el tope m\u00e1ximo familiar. &#8220;La presente medida tiene por objeto implementar una\u00a0equitativa distribuci\u00f3n [&hellip;]<\/p>\n","protected":false},"author":2,"featured_media":5634,"comment_status":"open","ping_status":"open","sticky":false,"template":"","format":"standard","meta":[],"categories":[57],"tags":[],"_links":{"self":[{"href":"https:\/\/pasaenmendoza.com\/index.php?rest_route=\/wp\/v2\/posts\/5628"}],"collection":[{"href":"https:\/\/pasaenmendoza.com\/index.php?rest_route=\/wp\/v2\/posts"}],"about":[{"href":"https:\/\/pasaenmendoza.com\/index.php?rest_route=\/wp\/v2\/types\/post"}],"author":[{"embeddable":true,"href":"https:\/\/pasaenmendoza.com\/index.php?rest_route=\/wp\/v2\/users\/2"}],"replies":[{"embeddable":true,"href":"https:\/\/pasaenmendoza.com\/index.php?rest_route=%2Fwp%2Fv2%2Fcomments&post=5628"}],"version-history":[{"count":1,"href":"https:\/\/pasaenmendoza.com\/index.php?rest_route=\/wp\/v2\/posts\/5628\/revisions"}],"predecessor-version":[{"id":5635,"href":"https:\/\/pasaenmendoza.com\/index.php?rest_route=\/wp\/v2\/posts\/5628\/revisions\/5635"}],"wp:featuredmedia":[{"embeddable":true,"href":"https:\/\/pasaenmendoza.com\/index.php?rest_route=\/wp\/v2\/media\/5634"}],"wp:attachment":[{"href":"https:\/\/pasaenmendoza.com\/index.php?rest_route=%2Fwp%2Fv2%2Fmedia&parent=5628"}],"wp:term":[{"taxonomy":"category","embeddable":true,"href":"https:\/\/pasaenmendoza.com\/index.php?rest_route=%2Fwp%2Fv2%2Fcategories&post=5628"},{"taxonomy":"post_tag","embeddable":true,"href":"https:\/\/pasaenmendoza.com\/index.php?rest_route=%2Fwp%2Fv2%2Ftags&post=5628"}],"curies":[{"name":"wp","href":"https:\/\/api.w.org\/{rel}","templated":true}]}}