{"id":5643,"date":"2024-02-26T14:12:32","date_gmt":"2024-02-26T13:12:32","guid":{"rendered":"https:\/\/pasaenmendoza.com\/?p=5643"},"modified":"2024-02-26T14:21:42","modified_gmt":"2024-02-26T13:21:42","slug":"cornejo-definio-como-coercitivo-el-corte-de-petroleo-y-gas-con-el-que-amenaza-torres","status":"publish","type":"post","link":"https:\/\/pasaenmendoza.com\/?p=5643","title":{"rendered":"Cornejo defini\u00f3 como \u201ccoercitivo\u201d el corte de petr\u00f3leo y gas con el que amenaza Torres"},"content":{"rendered":"\n<p>Durante la <strong>Bendici\u00f3n de los Frutos,<\/strong> el gobernador <strong>Alfredo Cornejo <\/strong>calific\u00f3 este domingo como una &#8220;medida coercitiva&#8221; la advertencia que hizo su par de Chubut, <strong>Ignacio Torres<\/strong>, contra la Naci\u00f3n respecto a <strong>cortar el suministro de petr\u00f3leo y gas <\/strong>en caso de que no le den los fondos coparticipables. De todos modos, volvi\u00f3 a expresar su apoyo al pedido del mandatario patag\u00f3nico porque &#8220;no hay que tocar los recursos de las provincias&#8221;.<\/p>\n\n\n\n<p>\u201c<strong>\u00bfC\u00f3mo estar de acuerdo con medidas coercitivas de cualquier tipo?<\/strong>&nbsp;Yo estoy de acuerdo con buscar el&nbsp;<strong>entendimiento&nbsp;<\/strong>entre el Gobierno nacional y las provincias. Tenemos que hacer lo nuestro en este cambio de modelo econ\u00f3mico\u201d, declar\u00f3 el gobernador de Mendoza ante las preguntas de la prensa en el Predio de la Virgen, donde el domingo por la noche inici\u00f3 la semana central de la Vendimia.<\/p>\n\n\n\n<p><strong>Cornejo enfatiz\u00f3 en el \u201cesfuerzo\u201d&nbsp;<\/strong>que han hecho algunas provincias, como es el caso de Mendoza. \u201cHemos puesto un lugar de equilibrio, de no malgastar los recursos, quiz\u00e1s otras provincias no han estado del todo bien\u201d, sum\u00f3 a la discusi\u00f3n.<\/p>\n\n\n\n<p>Pese a su&nbsp;<strong>cuestionamiento&nbsp;<\/strong>al&nbsp;<strong>corte&nbsp;<\/strong>de petr\u00f3leo y gas anunciado por Torres en caso de no haber soluci\u00f3n,&nbsp;<strong>Cornejo aclar\u00f3 que acompa\u00f1a el reclamo de fondos hecho por<\/strong>&nbsp;<strong>Chubut<\/strong>, tal como ya dej\u00f3 demostrado junto a otros gobernadores de Juntos por el Cambio en un&nbsp;<strong>documento firmado la semana pasada.<\/strong><\/p>\n\n\n\n<p><strong>\u201cNo hay que tocar los recursos de las provincias<\/strong>. Es que este cambio de modelo econ\u00f3mico, que requiere un ajuste de un mont\u00f3n de variables de econom\u00eda, sea lo&nbsp;<strong>m\u00e1s equitativo posible<\/strong>, que no pierdan los de siempre\u201d, se\u00f1al\u00f3 el mandatario provincial.<\/p>\n\n\n\n<p>\u201cEl Gobierno nacional tiene que tener un&nbsp;<strong>calibre fino&nbsp;<\/strong>en cada de una de esas modificaciones\u201d, dijo.<\/p>\n\n\n\n<p>El gobernador del Chubut, Ignacio Torres, amenaz\u00f3 el viernes con interrumpir desde el pr\u00f3ximo mi\u00e9rcoles la salida de petr\u00f3leo y gas de la provincia si el Ministerio de Econom\u00eda de la Naci\u00f3n \u201cinsiste con retener de manera indebida la mitad de la coparticipaci\u00f3n\u201d que le corresponde a su distrito. Se trata de la entrega<strong>&nbsp;13.000 millones de pesos<\/strong>&nbsp;en concepto de coparticipaci\u00f3n que no le gir\u00f3 la Naci\u00f3n.<\/p>\n\n\n\n<p>Este fin de semana, el presidente Javier Milei cuestion\u00f3 al gobernador patag\u00f3nico, al que llam\u00f3 \u201cun&nbsp;<strong>po<\/strong><strong>bre chico<\/strong> que no est\u00e1 en condiciones de leer un contrato\u201d tras su amenaza de cortar el env\u00edo del petr\u00f3leo y gas de la provincia al resto del pa\u00eds. Advirti\u00f3 que, en caso de llevar adelante la advertencia, ser\u00eda \u201cun delito\u201d.<\/p>\n\n\n\n<p><strong>Fuente: www.losandes.com.ar<\/strong><\/p>\n","protected":false},"excerpt":{"rendered":"<p>Durante la Bendici\u00f3n de los Frutos, el gobernador Alfredo Cornejo calific\u00f3 este domingo como una &#8220;medida coercitiva&#8221; la advertencia que hizo su par de Chubut, Ignacio Torres, contra la Naci\u00f3n respecto a cortar el suministro de petr\u00f3leo y gas en caso de que no le den los fondos coparticipables. De todos modos, volvi\u00f3 a expresar [&hellip;]<\/p>\n","protected":false},"author":2,"featured_media":5647,"comment_status":"open","ping_status":"open","sticky":false,"template":"","format":"standard","meta":[],"categories":[47],"tags":[],"_links":{"self":[{"href":"https:\/\/pasaenmendoza.com\/index.php?rest_route=\/wp\/v2\/posts\/5643"}],"collection":[{"href":"https:\/\/pasaenmendoza.com\/index.php?rest_route=\/wp\/v2\/posts"}],"about":[{"href":"https:\/\/pasaenmendoza.com\/index.php?rest_route=\/wp\/v2\/types\/post"}],"author":[{"embeddable":true,"href":"https:\/\/pasaenmendoza.com\/index.php?rest_route=\/wp\/v2\/users\/2"}],"replies":[{"embeddable":true,"href":"https:\/\/pasaenmendoza.com\/index.php?rest_route=%2Fwp%2Fv2%2Fcomments&post=5643"}],"version-history":[{"count":6,"href":"https:\/\/pasaenmendoza.com\/index.php?rest_route=\/wp\/v2\/posts\/5643\/revisions"}],"predecessor-version":[{"id":5654,"href":"https:\/\/pasaenmendoza.com\/index.php?rest_route=\/wp\/v2\/posts\/5643\/revisions\/5654"}],"wp:featuredmedia":[{"embeddable":true,"href":"https:\/\/pasaenmendoza.com\/index.php?rest_route=\/wp\/v2\/media\/5647"}],"wp:attachment":[{"href":"https:\/\/pasaenmendoza.com\/index.php?rest_route=%2Fwp%2Fv2%2Fmedia&parent=5643"}],"wp:term":[{"taxonomy":"category","embeddable":true,"href":"https:\/\/pasaenmendoza.com\/index.php?rest_route=%2Fwp%2Fv2%2Fcategories&post=5643"},{"taxonomy":"post_tag","embeddable":true,"href":"https:\/\/pasaenmendoza.com\/index.php?rest_route=%2Fwp%2Fv2%2Ftags&post=5643"}],"curies":[{"name":"wp","href":"https:\/\/api.w.org\/{rel}","templated":true}]}}