{"id":5644,"date":"2024-02-26T14:05:57","date_gmt":"2024-02-26T13:05:57","guid":{"rendered":"https:\/\/pasaenmendoza.com\/?p=5644"},"modified":"2024-02-26T14:05:58","modified_gmt":"2024-02-26T13:05:58","slug":"fotos-de-cuchillos-y-amenazas-de-muerte-una-joven-denuncio-a-su-ex-pareja","status":"publish","type":"post","link":"https:\/\/pasaenmendoza.com\/?p=5644","title":{"rendered":"Fotos de cuchillos y amenazas de muerte: una joven denunci\u00f3 a su ex pareja"},"content":{"rendered":"\n<p><strong>Un hombre denunciado por violencia de g\u00e9nero en Guaymall\u00e9n<\/strong>&nbsp;y con prohibici\u00f3n de acercamiento fue se\u00f1alado nuevamente por la v\u00edctima y su familia por constantes amenazas de muerte verbales y a trav\u00e9s de mensajes por la aplicaci\u00f3n&nbsp;<strong>WhatsApp&nbsp;<\/strong>con el env\u00edo de fotos de armas blancas.<\/p>\n\n\n\n<p>Fue la madre de la denunciante quien, la noche de este s\u00e1bado, se dirigi\u00f3 a un quiosco cercano a su domicilio de calle Pinz\u00f3n cuando se cruz\u00f3 a la ex pareja de su hija en el lugar.&nbsp;<strong>El sujeto, de 49 a\u00f1os, comenz\u00f3 a insultar y amenazar a su ex suegra y esta dio aviso al 911.<\/strong><\/p>\n\n\n\n<p>El hombre, relat\u00f3 la mujer, le dijo que iba a ir a su casa con un hermano<em>\u00a0\u201cen cualquier momento\u201d\u00a0<\/em>y que\u00a0<em>\u201clos iba a matar a todos\u201d<\/em>, lo que gener\u00f3 preocupaci\u00f3n en la familia.<mark>\u00a0La denunciante relat\u00f3 que su hija ven\u00eda recibiendo mensajes con im\u00e1genes de cuchillos y audios contra ella y sus hijas.<\/mark><\/p>\n\n\n\n<p>Personal policial de la jurisdicci\u00f3n, en Comisar\u00eda 57\u00aa, se desplazaron hasta la zona y tomaron contacto con la ex pareja del sujeto.&nbsp;<strong>Cont\u00f3 que ya lo hab\u00eda denunciado y que presentaba prohibici\u00f3n de acercamiento, exhibiendo en ese momento el oficio que lo acreditaba al personal policial.<\/strong><\/p>\n\n\n\n<p>Agreg\u00f3 que, desde que hizo la primera presentaci\u00f3n en la Justicia, comenz\u00f3 a recibir las amenazas por tel\u00e9fono y que prefer\u00eda no radicar la denuncia. Enterado el Ministerio P\u00fablico del hecho por los efectivos, solicit\u00f3 que la mujer se presente en la Oficina Fiscal N\u00ba9 para radicar la denuncia.<\/p>\n\n\n\n<p>Fuentes judiciales contaron que tambi\u00e9n se dio la orden para que se realicen patrullajes cerca del domicilio del sindicado con el\u00a0<strong>objetivo de aprehenderlo\u00a0<\/strong>para que d\u00e9 explicaciones ante un investigador.<\/p>\n\n\n\n<p><strong>Fuente: www.elsol.com.ar<\/strong><\/p>\n","protected":false},"excerpt":{"rendered":"<p>Un hombre denunciado por violencia de g\u00e9nero en Guaymall\u00e9n&nbsp;y con prohibici\u00f3n de acercamiento fue se\u00f1alado nuevamente por la v\u00edctima y su familia por constantes amenazas de muerte verbales y a trav\u00e9s de mensajes por la aplicaci\u00f3n&nbsp;WhatsApp&nbsp;con el env\u00edo de fotos de armas blancas. Fue la madre de la denunciante quien, la noche de este s\u00e1bado, [&hellip;]<\/p>\n","protected":false},"author":2,"featured_media":5645,"comment_status":"open","ping_status":"open","sticky":false,"template":"","format":"standard","meta":[],"categories":[48],"tags":[],"_links":{"self":[{"href":"https:\/\/pasaenmendoza.com\/index.php?rest_route=\/wp\/v2\/posts\/5644"}],"collection":[{"href":"https:\/\/pasaenmendoza.com\/index.php?rest_route=\/wp\/v2\/posts"}],"about":[{"href":"https:\/\/pasaenmendoza.com\/index.php?rest_route=\/wp\/v2\/types\/post"}],"author":[{"embeddable":true,"href":"https:\/\/pasaenmendoza.com\/index.php?rest_route=\/wp\/v2\/users\/2"}],"replies":[{"embeddable":true,"href":"https:\/\/pasaenmendoza.com\/index.php?rest_route=%2Fwp%2Fv2%2Fcomments&post=5644"}],"version-history":[{"count":1,"href":"https:\/\/pasaenmendoza.com\/index.php?rest_route=\/wp\/v2\/posts\/5644\/revisions"}],"predecessor-version":[{"id":5646,"href":"https:\/\/pasaenmendoza.com\/index.php?rest_route=\/wp\/v2\/posts\/5644\/revisions\/5646"}],"wp:featuredmedia":[{"embeddable":true,"href":"https:\/\/pasaenmendoza.com\/index.php?rest_route=\/wp\/v2\/media\/5645"}],"wp:attachment":[{"href":"https:\/\/pasaenmendoza.com\/index.php?rest_route=%2Fwp%2Fv2%2Fmedia&parent=5644"}],"wp:term":[{"taxonomy":"category","embeddable":true,"href":"https:\/\/pasaenmendoza.com\/index.php?rest_route=%2Fwp%2Fv2%2Fcategories&post=5644"},{"taxonomy":"post_tag","embeddable":true,"href":"https:\/\/pasaenmendoza.com\/index.php?rest_route=%2Fwp%2Fv2%2Ftags&post=5644"}],"curies":[{"name":"wp","href":"https:\/\/api.w.org\/{rel}","templated":true}]}}