{"id":5655,"date":"2024-02-27T12:50:32","date_gmt":"2024-02-27T11:50:32","guid":{"rendered":"https:\/\/pasaenmendoza.com\/?p=5655"},"modified":"2024-02-27T12:50:34","modified_gmt":"2024-02-27T11:50:34","slug":"infraestructura-escolar-fuerte-reclamo-desde-el-sur-por-un-funcionario-de-vacaciones-en-el-inicio-de-clases","status":"publish","type":"post","link":"https:\/\/pasaenmendoza.com\/?p=5655","title":{"rendered":"Infraestructura escolar: fuerte reclamo desde el Sur por un funcionario &#8220;de vacaciones&#8221; en el inicio de clases"},"content":{"rendered":"\n<p>Alejandro Molero, intendente de General Alvear, se quej\u00f3 de las condiciones de las escuelas y denunci\u00f3 que los representantes del &#8220;conurbano mendocino&#8221; tienen m\u00e1s &#8220;poder de lobby&#8221;.<\/p>\n\n\n\n<p><strong>Alejandro Molero<\/strong>, intendente de\u00a0<strong>General Alvear<\/strong>, realiz\u00f3 un dura cr\u00edtica las autoridades del Gobierno provincial durante el inicio del ciclo lectivo 2024. El jefe comunal radical se quej\u00f3 de la falta de respuesta del Ejecutivo en lo que refiere a la puesta en mantenimiento de los establecimientos educativos y acus\u00f3 a Federico Rossi, delegado de Infraestructura Escolar de la Direcci\u00f3n General de Escuelas (DGE) en el departamento, de haberse &#8220;ido de vacaciones&#8221; en el comienzo de clases. Tambi\u00e9n lanz\u00f3 una indirecta a otros\u00a0municipios al denunciar que &#8220;el lobby que tienen los que est\u00e1n en el conurbano mendocino otorga m\u00e1s beneficios&#8221;.<\/p>\n\n\n\n<p>&#8220;Se han ido haciendo algunos parches y arreglos para zafar en el ciclo lectivo. Esto no es un sentimiento de inferioridad ni mucho menos, pero nos cuesta much\u00edsimo que los funcionarios provinciales que tienen que ver con la Infraestructura lleguen a nuestro departamento, se hagan cargo de las cosas y las resuelvan r\u00e1pidamente&#8221;, dijo\u00a0<strong>Molero\u00a0<\/strong>en una entrevista televisiva a\u00a0<em>TVA General Alvear.<\/em><\/p>\n\n\n\n<p>&#8220;Le venimos reclamando a la provincia, Hay cosas que nos dan bronca. Si estamos trabajando a contrarreloj con un gran esfuerzo del personal municipal -recurso humano y econ\u00f3mico-, a m\u00ed me da mucha bronca llamar a&nbsp;<strong>Mendoza&nbsp;<\/strong>y que el encargado de Infraestructura de la provincia se haya ido de vacaciones cuando est\u00e1 empezando el ciclo lectivo. Es sentido com\u00fan y esas son las cosas que a nosotros no nos parecen adecuadas&#8221;, sostuvo.<\/p>\n\n\n\n<p>Luego, fue tajante al asegurar que &#8220;el poder de lobby que tienen los que est\u00e1n en el conurbano mendocino que pueden ir un ratito todos los d\u00edas a la Casa de Gobierno y pasar por la Direcci\u00f3n General de Escuelas, generalmente tiene otros beneficios&#8221;.<\/p>\n\n\n\n<p>&#8220;Si no lo hacen ellos, lo tenemos que hacer nosotros. Tenemos ese compromiso. Armamos tres cuadrillas de alba\u00f1iles, plomeros, gasistas, electricistas, exclusivamente para trabajar en las escuelas de nuestro departamento. Hemos llegado en tiempo y forma para solucionar los inconvenientes y que ninguna escuela no inicie el ciclo lectivo porque tiene un desperfecto. Pero tenemos que trabajar todo el a\u00f1o para que est\u00e9n m\u00e1s lindas, c\u00e1lidas y ordenada. Es un trabajo que vamos a plantear desde el municipio&#8221;, sigui\u00f3 el intendente radical, que particip\u00f3 de la inauguraci\u00f3n del ciclo lectivo 2024 en la escuela Maximiliano Leiva.\u00a0<\/p>\n\n\n\n<p>FUENTE: MDZonline.<\/p>\n","protected":false},"excerpt":{"rendered":"<p>Alejandro Molero, intendente de General Alvear, se quej\u00f3 de las condiciones de las escuelas y denunci\u00f3 que los representantes del &#8220;conurbano mendocino&#8221; tienen m\u00e1s &#8220;poder de lobby&#8221;. Alejandro Molero, intendente de\u00a0General Alvear, realiz\u00f3 un dura cr\u00edtica las autoridades del Gobierno provincial durante el inicio del ciclo lectivo 2024. El jefe comunal radical se quej\u00f3 de [&hellip;]<\/p>\n","protected":false},"author":2,"featured_media":5656,"comment_status":"open","ping_status":"open","sticky":true,"template":"","format":"standard","meta":[],"categories":[47],"tags":[],"_links":{"self":[{"href":"https:\/\/pasaenmendoza.com\/index.php?rest_route=\/wp\/v2\/posts\/5655"}],"collection":[{"href":"https:\/\/pasaenmendoza.com\/index.php?rest_route=\/wp\/v2\/posts"}],"about":[{"href":"https:\/\/pasaenmendoza.com\/index.php?rest_route=\/wp\/v2\/types\/post"}],"author":[{"embeddable":true,"href":"https:\/\/pasaenmendoza.com\/index.php?rest_route=\/wp\/v2\/users\/2"}],"replies":[{"embeddable":true,"href":"https:\/\/pasaenmendoza.com\/index.php?rest_route=%2Fwp%2Fv2%2Fcomments&post=5655"}],"version-history":[{"count":1,"href":"https:\/\/pasaenmendoza.com\/index.php?rest_route=\/wp\/v2\/posts\/5655\/revisions"}],"predecessor-version":[{"id":5657,"href":"https:\/\/pasaenmendoza.com\/index.php?rest_route=\/wp\/v2\/posts\/5655\/revisions\/5657"}],"wp:featuredmedia":[{"embeddable":true,"href":"https:\/\/pasaenmendoza.com\/index.php?rest_route=\/wp\/v2\/media\/5656"}],"wp:attachment":[{"href":"https:\/\/pasaenmendoza.com\/index.php?rest_route=%2Fwp%2Fv2%2Fmedia&parent=5655"}],"wp:term":[{"taxonomy":"category","embeddable":true,"href":"https:\/\/pasaenmendoza.com\/index.php?rest_route=%2Fwp%2Fv2%2Fcategories&post=5655"},{"taxonomy":"post_tag","embeddable":true,"href":"https:\/\/pasaenmendoza.com\/index.php?rest_route=%2Fwp%2Fv2%2Ftags&post=5655"}],"curies":[{"name":"wp","href":"https:\/\/api.w.org\/{rel}","templated":true}]}}