{"id":5658,"date":"2024-02-27T12:55:24","date_gmt":"2024-02-27T11:55:24","guid":{"rendered":"https:\/\/pasaenmendoza.com\/?p=5658"},"modified":"2024-02-27T12:55:26","modified_gmt":"2024-02-27T11:55:26","slug":"garcia-zalazar-viaja-a-buenos-aires-para-confirmar-si-nacion-seguira-enviando-fondos","status":"publish","type":"post","link":"https:\/\/pasaenmendoza.com\/?p=5658","title":{"rendered":"Garc\u00eda Zalazar viaja a Buenos Aires para confirmar si Naci\u00f3n seguir\u00e1 enviando fondos"},"content":{"rendered":"\n<p>El ministro de Educaci\u00f3n participar\u00e1 de un encuentro convocado por el Secretario de Educaci\u00f3n, en el que se debatir\u00e1 el salario m\u00ednimo docente.<\/p>\n\n\n\n<p>Este martes, el<strong>&nbsp;ministro de Educaci\u00f3n, Cultura, Infancias y director General de Escuelas,<\/strong>&nbsp;<strong>Tadeo Garc\u00eda Zalazar<\/strong>&nbsp;viajar\u00e1 a Buenos Aires para participar de un encuentro convocada por el Secretario de Educaci\u00f3n,&nbsp;<strong>Carlos Torrendel<\/strong>l, en la que se debatir\u00e1 el&nbsp;<strong>salario m\u00ednimo docente<\/strong>.<\/p>\n\n\n\n<p>El funcionario adelant\u00f3 que&nbsp;<mark>all\u00ed se analizar\u00e1n las posturas de cada provincia, pero que el objetivo del encuentro para la provincia confirmar cu\u00e1l ser\u00e1 el futuro de los fondos que la Naci\u00f3n le recort\u00f3 a las provincias.<\/mark><\/p>\n\n\n\n<p>Los fondos que la provincia dej\u00f3 de recibir para la educaci\u00f3n son el\u00a0<mark>Fondo Compensador Salarial (dinero que llegaba para equilibrar la diferencia salarial entre el piso regulado por la paritaria nacional con las provincias que no llegaban a ese m\u00ednimo), el de Incentivo Docente -Fonid-, el de Infraestructura Educativa y tambi\u00e9n recursos para material did\u00e1ctico para las escuelas.<\/mark><\/p>\n\n\n\n<p>Entre todos estos, la provincia estima que la p\u00e9rdida de recursos es cercana a los 15 mil millones de pesos. En este punto, la provincia ya planea donde realizar el ajuste en el caso de que el dinero no llegue, aunque asegur\u00f3 que \u201c<em>est\u00e1 la plata de los sueldos y de la alimentaci\u00f3n escolar\u201d<\/em>.<\/p>\n\n\n\n<p>\u201c<em>Los fondos referidos a salario -firmado en paritaria- y a la alimentaci\u00f3n escolar est\u00e1n garantizados por la provincia. El resto de los fondos se ir\u00e1n ajustando cuando tengamos confirmada la continuidad o no del financiamiento nacional<\/em>\u201c, explic\u00f3 Garc\u00eda Zalazar.<\/p>\n\n\n\n<p>En este sentido, el funcionario hab\u00eda asegurado que est\u00e1n trabajando para que el impacto \u201c<em>no se d\u00e9 en el salario docente<\/em>\u201d y que&nbsp;<em>\u201csi no est\u00e1n los fondos se van a ralentizar los procesos de infraestructura y equipamiento de escuelas\u201d<\/em>.<\/p>\n\n\n\n<h2 class=\"wp-block-heading\" id=\"h-preocupacion-de-los-docentes\">Preocupaci\u00f3n de los docentes<\/h2>\n\n\n\n<p>Durante la tarde del lunes, el Sindicato \u00danico de Trabajadores de la Educaci\u00f3n (SUTE) march\u00f3 por las calles del centro mendocino en el marco del paro convocado por la Confederaci\u00f3n de Trabajadores de la Educaci\u00f3n de la Rep\u00fablica Argentina (Ctera), en reclamo por la llegada de los fondos nacionales.<\/p>\n\n\n\n<p>La secretaria general del SUTE advirti\u00f3 que de no llegar estos fondos corren riesgo los sueldos docentes como la alimentaci\u00f3n de los alumnos en los colegios.<\/p>\n\n\n\n<p><em>\u201cEn los sueldos docentes, 27.800 pesos pertenecen al \u00edtem de incentivo docente, que si no llegan, se corre el riesgo de perderlo. Adem\u00e1s, no se garantiza la copa de leche en los colegios, que teniendo en cuenta la dura realidad econ\u00f3mica del pa\u00eds, se transforma, muchas veces, en lo \u00fanico que comen los alumnos en todo el d\u00eda\u201d<\/em>, alert\u00f3 Sedano.<\/p>\n\n\n\n<p>La gremialista aprovech\u00f3 adem\u00e1s para apuntar contra Garc\u00eda Zalazar y Jos\u00e9 Thomas -extitular de la DGE y secretario general del Consejo Nacional de Educaci\u00f3n- por la suspensi\u00f3n de estos fondos. \u201c<em>Estar\u00eda bueno que el Gobierno de la provincia le reclame a Thomas, que es de su color pol\u00edtico, por los fondos que la Naci\u00f3n les debe. En vez de prometer que est\u00e1 la plata para los sueldos, que traiga los fondos directamente\u201d<\/em>, .<\/p>\n\n\n\n<p>FUENTE: Elsol.com.ar<\/p>\n","protected":false},"excerpt":{"rendered":"<p>El ministro de Educaci\u00f3n participar\u00e1 de un encuentro convocado por el Secretario de Educaci\u00f3n, en el que se debatir\u00e1 el salario m\u00ednimo docente. Este martes, el&nbsp;ministro de Educaci\u00f3n, Cultura, Infancias y director General de Escuelas,&nbsp;Tadeo Garc\u00eda Zalazar&nbsp;viajar\u00e1 a Buenos Aires para participar de un encuentro convocada por el Secretario de Educaci\u00f3n,&nbsp;Carlos Torrendell, en la que [&hellip;]<\/p>\n","protected":false},"author":2,"featured_media":5659,"comment_status":"open","ping_status":"open","sticky":true,"template":"","format":"standard","meta":[],"categories":[47],"tags":[],"_links":{"self":[{"href":"https:\/\/pasaenmendoza.com\/index.php?rest_route=\/wp\/v2\/posts\/5658"}],"collection":[{"href":"https:\/\/pasaenmendoza.com\/index.php?rest_route=\/wp\/v2\/posts"}],"about":[{"href":"https:\/\/pasaenmendoza.com\/index.php?rest_route=\/wp\/v2\/types\/post"}],"author":[{"embeddable":true,"href":"https:\/\/pasaenmendoza.com\/index.php?rest_route=\/wp\/v2\/users\/2"}],"replies":[{"embeddable":true,"href":"https:\/\/pasaenmendoza.com\/index.php?rest_route=%2Fwp%2Fv2%2Fcomments&post=5658"}],"version-history":[{"count":1,"href":"https:\/\/pasaenmendoza.com\/index.php?rest_route=\/wp\/v2\/posts\/5658\/revisions"}],"predecessor-version":[{"id":5660,"href":"https:\/\/pasaenmendoza.com\/index.php?rest_route=\/wp\/v2\/posts\/5658\/revisions\/5660"}],"wp:featuredmedia":[{"embeddable":true,"href":"https:\/\/pasaenmendoza.com\/index.php?rest_route=\/wp\/v2\/media\/5659"}],"wp:attachment":[{"href":"https:\/\/pasaenmendoza.com\/index.php?rest_route=%2Fwp%2Fv2%2Fmedia&parent=5658"}],"wp:term":[{"taxonomy":"category","embeddable":true,"href":"https:\/\/pasaenmendoza.com\/index.php?rest_route=%2Fwp%2Fv2%2Fcategories&post=5658"},{"taxonomy":"post_tag","embeddable":true,"href":"https:\/\/pasaenmendoza.com\/index.php?rest_route=%2Fwp%2Fv2%2Ftags&post=5658"}],"curies":[{"name":"wp","href":"https:\/\/api.w.org\/{rel}","templated":true}]}}