{"id":566,"date":"2023-08-09T17:25:07","date_gmt":"2023-08-09T15:25:07","guid":{"rendered":"https:\/\/pasaenmendoza.com\/?p=566"},"modified":"2023-08-09T17:45:34","modified_gmt":"2023-08-09T15:45:34","slug":"medicos-especialistas-de-mendoza-anunciaron-que-desde-septiembre-cobraran-un-coseguro","status":"publish","type":"post","link":"https:\/\/pasaenmendoza.com\/?p=566","title":{"rendered":"M\u00e9dicos especialistas de Mendoza anunciaron que desde septiembre cobrar\u00e1n un coseguro"},"content":{"rendered":"\n<p>Amparados en la crisis econ\u00f3mica, el retraso en los pagos y la devaluaci\u00f3n de lo que perciben por cada prestaci\u00f3n, un grupo importante de&nbsp;<strong>m\u00e9dicos especialistas de Mendoza<\/strong>&nbsp;anunci\u00f3 que desde el 1 de septiembre comenzar\u00e1 a cobrar&nbsp;<strong>lo que han denominado un &#8220;copago&#8221;<\/strong>&nbsp;que, en la pr\u00e1ctica es un&nbsp;<strong>coseguro<\/strong>.<\/p>\n\n\n\n<p>En una<strong>&nbsp;carta abierta&nbsp;<\/strong>difundida en redes sociales, los profesionales de la salud no indicaron de cu\u00e1nto ser\u00e1 ese aporte extra que comenzar\u00e1n a exigir a los pacientes en el inicio del mes pr\u00f3ximo.<\/p>\n\n\n\n<p>S\u00ed explicaron en detalle todos los problemas que han venido padeciendo en los \u00faltimos tiempos que han minado su poder adquisitivo. Esto, como consecuencia&nbsp;<strong>de la situaci\u00f3n econ\u00f3mica nacional, el retraso en las cobranzas de las prestaciones y la desactualizaci\u00f3n de los aranceles.<\/strong><\/p>\n\n\n\n<h2 class=\"wp-block-heading\">Por qu\u00e9 los m\u00e9dicos especialistas comenzar\u00e1n a cobrar conseguros<\/h2>\n\n\n\n<p>La carta abierta difundida en las \u00faltimas horas fue rubricada por&nbsp;<strong>pediatras, obstetras, internistas, neur\u00f3logos, cirujanos, ur\u00f3logos, oftalm\u00f3logos, dermat\u00f3logos, reumat\u00f3logos, gastroenter\u00f3logos, endoscopistas y traumat\u00f3logos<\/strong>&nbsp;agrupados en sus respectivas asociaciones.<\/p>\n\n\n\n<p>En el an\u00e1lisis de la realidad que viven se refirieron a que los valores de&nbsp;<strong>los honorarios son fijados por obras sociales y empresas de medicina privada sin que los consulten ni atiendan sus necesidades<\/strong>.<\/p>\n\n\n\n<p>Tambi\u00e9n reclamaron por los descuentos que sufren las \u00f3rdenes de consulta y el retraso en el pago ya que -denunciaron- tardan entre 2 y 4 meses despu\u00e9s de la atenci\u00f3n para percibir el arancel que entonces llega devaluado en el 25% aproximadamente.<\/p>\n\n\n\n<p>Otra queja es que los contratos firmados por los profesionales con las prestadoras de servicios m\u00e9dicos -obras sociales o prepagas-&nbsp;<strong>no prev\u00e9 actualizaciones y que cuando hay un aumento no es proporcional a lo que se les incrementa a los afiliados. Aseguran que las diferencias superan el 100%.<\/strong><\/p>\n\n\n\n<p>A esto sumaron el&nbsp;<strong>incremento de los insumos y de servicios esenciales<\/strong>&nbsp;como por ejemplo el alquiler de los consultorios.<\/p>\n\n\n\n<p>Para los profesionales de la salud que firmaron el documento&nbsp;<strong>la situaci\u00f3n es insostenible<\/strong>&nbsp;y aseguraron que se ven obligados a implementar un &#8220;copago&#8221;. Adem\u00e1s atribuyeron a la situaci\u00f3n descripta el \u00e9xodo de profesionales a otros pa\u00edses o a otras provincias como es el caso de San Luis.<\/p>\n\n\n\n<p><strong>&#8220;Si no queremos que nuestro sistema de salud contin\u00fae deterior\u00e1ndose, debemos tomar conciencia de \u00e9sta realidad&#8221;,&nbsp;<\/strong>pidieron en uno de los \u00faltimos p\u00e1rrafos de la nota.<\/p>\n\n\n\n<p>Las entidades que rubricaron la carta abierta (ver m\u00e1s abajo) son UPEM (Uni\u00f3n de Pediatras Mendocinos), OBUM (Obstetras Unidos de Mendoza), ACLIM (Asociaci\u00f3n de Cl\u00ednicos Internistas de Mendoza), AMNC (Asociaci\u00f3n Mendocina de Neurolog\u00eda Cl\u00ednica), Acamza, ACM (Asociaci\u00f3n Cirug\u00eda de Mendoza), Sociedad de Urolog\u00eda de Mendoza, Asociaci\u00f3n Mendocina de Oftalmolog\u00eda, Asociaci\u00f3n Mendocina de Dermatolog\u00eda, Sociedad Reumatol\u00f3gica de Cuyo filial Mendoza, AMGHED (Asociaci\u00f3n Mendocina de Gastroenterolog\u00eda y Endoscopia Digestiva), AMOT (Asociaci\u00f3n Mendocina de Ortopedia y Traumatolog\u00eda)<\/p>\n\n\n\n<p><strong>Fuente: www.diariouno.com.ar<\/strong><\/p>\n","protected":false},"excerpt":{"rendered":"<p>Amparados en la crisis econ\u00f3mica, el retraso en los pagos y la devaluaci\u00f3n de lo que perciben por cada prestaci\u00f3n, un grupo importante de&nbsp;m\u00e9dicos especialistas de Mendoza&nbsp;anunci\u00f3 que desde el 1 de septiembre comenzar\u00e1 a cobrar&nbsp;lo que han denominado un &#8220;copago&#8221;&nbsp;que, en la pr\u00e1ctica es un&nbsp;coseguro. En una&nbsp;carta abierta&nbsp;difundida en redes sociales, los profesionales de [&hellip;]<\/p>\n","protected":false},"author":2,"featured_media":576,"comment_status":"open","ping_status":"open","sticky":false,"template":"","format":"standard","meta":[],"categories":[49],"tags":[],"_links":{"self":[{"href":"https:\/\/pasaenmendoza.com\/index.php?rest_route=\/wp\/v2\/posts\/566"}],"collection":[{"href":"https:\/\/pasaenmendoza.com\/index.php?rest_route=\/wp\/v2\/posts"}],"about":[{"href":"https:\/\/pasaenmendoza.com\/index.php?rest_route=\/wp\/v2\/types\/post"}],"author":[{"embeddable":true,"href":"https:\/\/pasaenmendoza.com\/index.php?rest_route=\/wp\/v2\/users\/2"}],"replies":[{"embeddable":true,"href":"https:\/\/pasaenmendoza.com\/index.php?rest_route=%2Fwp%2Fv2%2Fcomments&post=566"}],"version-history":[{"count":2,"href":"https:\/\/pasaenmendoza.com\/index.php?rest_route=\/wp\/v2\/posts\/566\/revisions"}],"predecessor-version":[{"id":577,"href":"https:\/\/pasaenmendoza.com\/index.php?rest_route=\/wp\/v2\/posts\/566\/revisions\/577"}],"wp:featuredmedia":[{"embeddable":true,"href":"https:\/\/pasaenmendoza.com\/index.php?rest_route=\/wp\/v2\/media\/576"}],"wp:attachment":[{"href":"https:\/\/pasaenmendoza.com\/index.php?rest_route=%2Fwp%2Fv2%2Fmedia&parent=566"}],"wp:term":[{"taxonomy":"category","embeddable":true,"href":"https:\/\/pasaenmendoza.com\/index.php?rest_route=%2Fwp%2Fv2%2Fcategories&post=566"},{"taxonomy":"post_tag","embeddable":true,"href":"https:\/\/pasaenmendoza.com\/index.php?rest_route=%2Fwp%2Fv2%2Ftags&post=566"}],"curies":[{"name":"wp","href":"https:\/\/api.w.org\/{rel}","templated":true}]}}