{"id":5661,"date":"2024-02-27T13:01:54","date_gmt":"2024-02-27T12:01:54","guid":{"rendered":"https:\/\/pasaenmendoza.com\/?p=5661"},"modified":"2024-02-27T13:01:56","modified_gmt":"2024-02-27T12:01:56","slug":"jimena-latorre-va-a-la-feria-minera-de-canada-a-captar-inversores-para-explorar-cobre-en-mendoza","status":"publish","type":"post","link":"https:\/\/pasaenmendoza.com\/?p=5661","title":{"rendered":"Jimena Latorre va a la feria minera de Canad\u00e1 a captar inversores para explorar cobre en Mendoza"},"content":{"rendered":"\n<p>Jimena Latorre, ministra de Energ\u00eda y Ambiente, llevar\u00e1 a Canad\u00e1 una carpeta con varios proyectos de cobre de Malarg\u00fce para tentar a futuros inversores<\/p>\n\n\n\n<p>La ministra\u00a0<strong>Jimena Latorre<\/strong>\u00a0ya tiene los pasajes para viajar el fin de semana a Canad\u00e1 en donde se har\u00e1 la ya tradicional\u00a0<strong>feria minera\u00a0m\u00e1s convocante del mundo, la PDAC<\/strong>\u00a0(Prospectors &amp; Developers Association of Canada). Va con una meta concreta:\u00a0<strong>captar futuros inversores para explorar cobre en Mendoza.<\/strong><\/p>\n\n\n\n<p>Si bien la idea original era que el gobernador Alfredo Cornejo liderara la comitiva oficial, ahora el&nbsp;<strong>conflicto entre la Naci\u00f3n y los gobernadores por el descuento de coparticipaci\u00f3n a Chubut<\/strong>&nbsp;escal\u00f3 tanto, que es probable que el mandatario elija quedarse en el pa\u00eds por si surgiera alguna reuni\u00f3n de \u00faltimo momento.<\/p>\n\n\n\n<p>La experiencia de\u00a0participar de la PDAC\u00a0<strong>le dio buenos resultados<\/strong>\u00a0al ex gobernador\u00a0<strong>Rodolfo Suarez<\/strong>, que en aquella feria del 2022 mostr\u00f3 la productividad de la mina de<strong>\u00a0Potasio R\u00edo Colorado<\/strong>\u00a0y sent\u00f3 las bases que le sirvieron para conseguir asociarse con la empresa brasile\u00f1a ARG y la argentina Compa\u00f1\u00eda Minera Aguilar S.A. para explotar el yacimiento sure\u00f1o.<\/p>\n\n\n\n<p>Este a\u00f1o Latorre, que ir\u00e1 secundada por el director de Miner\u00eda,\u00a0<strong>Jer\u00f3nimo Shantall<\/strong>\u00a0y el CEO de Impulsa Mendoza,\u00a0<strong>Emilio Gui\u00f1az\u00fa,<\/strong>\u00a0buscar\u00e1 mostrar que adem\u00e1s\u00a0<strong>Mendoza es polo estrat\u00e9gico para la exploraci\u00f3n de cobre<\/strong>.<\/p>\n\n\n\n<p>Para eso ya recopila informaci\u00f3n sobre el inicio de&nbsp;<strong>perforaci\u00f3n en la mina de Cerro Amarillo,<\/strong>&nbsp;un yacimiento malarg\u00fcino que&nbsp;<strong>potencialmente podr\u00eda producir 50 millones de toneladas de cobre<\/strong>&nbsp;y que este lunes comenz\u00f3 con las perforaciones.<\/p>\n\n\n\n<p>A la par, mostrar\u00e1 que tambi\u00e9n la empresa Geometales comenz\u00f3 a abrir los caminos para pr\u00f3ximamente&nbsp;<strong>iniciar la exploraci\u00f3n de las tres minas de<\/strong>&nbsp;<strong>Las Choicas, El Burrero (o Matancilla) y Mina Adriana<\/strong>.<\/p>\n\n\n\n<p>Los tres proyectos son&nbsp;<strong>aleda\u00f1os entre s\u00ed<\/strong>, comprenden un total de 14 concesiones mineras de primera categor\u00eda (manifestaciones y minas) situadas en las cabeceras del R\u00edo Grande, y&nbsp;<strong>lograron la aprobaci\u00f3n de la Declaraci\u00f3n de Impacto Ambiental<\/strong>&nbsp;en diciembre pasado.<\/p>\n\n\n\n<p>&#8220;La meta es mostrar que\u00a0<strong>Mendoza ya tiene todo para ser un hub log\u00edstico de cobre, de hecho muchas de las empresas de servicios mineros que trabajan en San Juan tienen sus bases en nuestra provincia<\/strong>\u00a0y que nuestro Plan Estrat\u00e9gico busca reactivar esa exploraci\u00f3n&#8221;, apunt\u00f3 la ministra.<\/p>\n\n\n\n<h2 class=\"wp-block-heading\">Aprender de San Juan y conformar una mesa minera regional<\/h2>\n\n\n\n<p>Con la confirmaci\u00f3n de que<strong>\u00a0el gobernador de San Juan, Marcelo Orrego, tambi\u00e9n acudir\u00e1 a la feria minera de Canad\u00e1,\u00a0<\/strong>los funcionarios mendocinos asumen que tendr\u00e1n tiempo para\u00a0<strong>coordinar promociones en conjunto con los sanjuaninos, con quienes buscan en breve conformar una &#8220;Mesa minera de Cobre&#8221;,<\/strong>\u00a0para articular pol\u00edticas juntos.<\/p>\n\n\n\n<p>&#8220;As\u00ed como existe una&nbsp;<strong>mesa minera de litio<\/strong>&nbsp;con algunas provincias del Norte, de la misma manera con la vecina provincia y con las que sean productoras pretendemos conformar&nbsp;<strong>la mesa del Cobre<\/strong>, a la que se le podr\u00eda comenzar a dar forma en mayo en una feria que se har\u00e1 en San Juan. Ellos ya llevan d\u00e9cadas explorando y est\u00e1n comenzando con la explotaci\u00f3n, por lo cual hay mucho por aprender de su experiencia&#8221;, adelant\u00f3 Latorre.<\/p>\n\n\n\n<p>La funcionaria de Cornejo tambi\u00e9n advirti\u00f3 que la pol\u00edtica del Gobierno ser\u00e1 fomentar esas futuras inversiones mineras y resalt\u00f3 que, por tanto, no van a permitir &#8220;<strong>que aquel due\u00f1o de una mina especule con hacer negocios inmobiliarios y frene la exploraci\u00f3n por negocios antojadizos<\/strong>. A ese que especule le va a salir m\u00e1s caro tener la mina parada que ponerla a producir&#8221;.<\/p>\n\n\n\n<h2 class=\"wp-block-heading\">La feria minera m\u00e1s convocante del mundo<\/h2>\n\n\n\n<p>La edici\u00f3n 2024 de la&nbsp;<strong>Prospectors &amp; Developers Association of Canada&nbsp;<\/strong>se desarrollar\u00e1 entre el 3 y el 6 de marzo pr\u00f3ximos, por lo que se espera la ministra Latorre y la comitiva mendocina se sumen un poco m\u00e1s tarde al encuentro internacional considerando que&nbsp;<strong>el s\u00e1bado 2 de marzo se realiza el Desayuno de la COVIAR, el Agasajo de Bodegas de Argentina, el Carrusel y el Acto Central en el Frank Romero Day<\/strong>.<\/p>\n\n\n\n<p>Desde hace a\u00f1os esa feria es considerada como&nbsp;<strong>el \u00e1mbito propicio para buscar inversores&nbsp;<\/strong>y es tentadora para el Gobierno provincial, teniendo en cuenta los nuevos objetivos de esta gesti\u00f3n en materia de&nbsp;<strong>exploraci\u00f3n minera en el distrito Malarg\u00fce Occidental<\/strong>.<\/p>\n\n\n\n<p>El inter\u00e9s local por insertarse en este mercado ya qued\u00f3 plasmando el a\u00f1o pasado. Representantes de ocho\u00a0<strong>empresas de Mendoza<\/strong>\u00a0y la C\u00e1mara de Comercio e Industria de San Mart\u00edn -acompa\u00f1ados por\u00a0<strong>ProMendoza<\/strong>&#8211; viajaron a Chile para participar de la\u00a0<strong>Expomin 2023,<\/strong>\u00a0<strong>la mayor feria sobre miner\u00eda de Latinoam\u00e9rica<\/strong>\u00a0.<\/p>\n\n\n\n<p>Desde Mendoza viajaron: Itiers, Ourobranco, SurT\u00e9cnica, Propack, Tassaroli, MYT Soluciones, Carbocalcio, Soul Inox SA, y la C\u00e1mara de Comercio e Industria de San Mart\u00edn, representada por Mario Do\u00f1a.<\/p>\n\n\n\n<p>FUENTE: Diariouno.com.ar <\/p>\n","protected":false},"excerpt":{"rendered":"<p>Jimena Latorre, ministra de Energ\u00eda y Ambiente, llevar\u00e1 a Canad\u00e1 una carpeta con varios proyectos de cobre de Malarg\u00fce para tentar a futuros inversores La ministra\u00a0Jimena Latorre\u00a0ya tiene los pasajes para viajar el fin de semana a Canad\u00e1 en donde se har\u00e1 la ya tradicional\u00a0feria minera\u00a0m\u00e1s convocante del mundo, la PDAC\u00a0(Prospectors &amp; Developers Association of [&hellip;]<\/p>\n","protected":false},"author":2,"featured_media":5662,"comment_status":"open","ping_status":"open","sticky":true,"template":"","format":"standard","meta":[],"categories":[47],"tags":[],"_links":{"self":[{"href":"https:\/\/pasaenmendoza.com\/index.php?rest_route=\/wp\/v2\/posts\/5661"}],"collection":[{"href":"https:\/\/pasaenmendoza.com\/index.php?rest_route=\/wp\/v2\/posts"}],"about":[{"href":"https:\/\/pasaenmendoza.com\/index.php?rest_route=\/wp\/v2\/types\/post"}],"author":[{"embeddable":true,"href":"https:\/\/pasaenmendoza.com\/index.php?rest_route=\/wp\/v2\/users\/2"}],"replies":[{"embeddable":true,"href":"https:\/\/pasaenmendoza.com\/index.php?rest_route=%2Fwp%2Fv2%2Fcomments&post=5661"}],"version-history":[{"count":1,"href":"https:\/\/pasaenmendoza.com\/index.php?rest_route=\/wp\/v2\/posts\/5661\/revisions"}],"predecessor-version":[{"id":5663,"href":"https:\/\/pasaenmendoza.com\/index.php?rest_route=\/wp\/v2\/posts\/5661\/revisions\/5663"}],"wp:featuredmedia":[{"embeddable":true,"href":"https:\/\/pasaenmendoza.com\/index.php?rest_route=\/wp\/v2\/media\/5662"}],"wp:attachment":[{"href":"https:\/\/pasaenmendoza.com\/index.php?rest_route=%2Fwp%2Fv2%2Fmedia&parent=5661"}],"wp:term":[{"taxonomy":"category","embeddable":true,"href":"https:\/\/pasaenmendoza.com\/index.php?rest_route=%2Fwp%2Fv2%2Fcategories&post=5661"},{"taxonomy":"post_tag","embeddable":true,"href":"https:\/\/pasaenmendoza.com\/index.php?rest_route=%2Fwp%2Fv2%2Ftags&post=5661"}],"curies":[{"name":"wp","href":"https:\/\/api.w.org\/{rel}","templated":true}]}}