{"id":5664,"date":"2024-02-27T13:07:22","date_gmt":"2024-02-27T12:07:22","guid":{"rendered":"https:\/\/pasaenmendoza.com\/?p=5664"},"modified":"2024-02-27T13:07:25","modified_gmt":"2024-02-27T12:07:25","slug":"cornejo-me-gustaria-tener-mucho-poder-para-que-tuviesemos-baja-inflacion","status":"publish","type":"post","link":"https:\/\/pasaenmendoza.com\/?p=5664","title":{"rendered":"Cornejo: &#8220;Me gustar\u00eda tener mucho poder para que tuvi\u00e9semos baja inflaci\u00f3n&#8221;"},"content":{"rendered":"\n<p>El Gobernador<strong>\u00a0Alfredo Cornejo<\/strong>, junto al ministro de Educaci\u00f3n, Cultura, Infancias y DGE,\u00a0Tadeo Garc\u00eda Zalazar, particip\u00f3 del inicio del Ciclo Lectivo 2024. El acto se desarroll\u00f3 en la Escuela 1-330 Pascual Toso de Maip\u00fa, por lo que estuvo presente tambi\u00e9n el intendente de ese departamento,\u00a0Mat\u00edas Stevanato.<\/p>\n\n\n\n<p>En la oportunidad, el mandatario provincial destac\u00f3 la importancia de la educaci\u00f3n como competencia de la provincia, mencion\u00f3 los avances en infraestructura de las escuelas y ratific\u00f3 su compromiso de seguir trabajando para mejorar el sistema educativo de la provincia.\u00a0\u00a0<\/p>\n\n\n\n<p>&#8220;Me gusta el servicio p\u00fablico y me gusta la administraci\u00f3n del servicio p\u00fablico pero siempre me pregunto una y otra vez, \u00bfpara qu\u00e9 sirve ese poder que confiere la sociedad si no es para las cuestiones sustantivas que son competencias de la provincia? Y el servicio de educaci\u00f3n pr\u00e1cticamente est\u00e1 \u00edntegramente en la provincia. Es muy bueno que un municipio se comprometa, y eso es un agradecimiento especial a este municipio para trabajar en el futuro, pero s\u00e9 que en el pasado tambi\u00e9n, juntos.&nbsp; Pero tiene mucha competencia la provincia&#8221;, dijo.<\/p>\n\n\n\n<p>Asimismo se\u00f1al\u00f3: &#8220;todo el tiempo reviso como administrador formado en la administraci\u00f3n p\u00fablica, en el servicio p\u00fablico, que de todos los recursos que tiene la provincia m\u00e1s de la mitad van a parar al servicio educativo y a su vez es muy poco y a su vez necesitamos m\u00e1s o lo que tenemos necesitamos hacerlo rendir mucho mejor. Pero ah\u00ed es cuando empiezo a ver que\u00a0<strong>me encanta que se imagine al gobernador con much\u00edsimo poder,<\/strong>\u00a0creo que es bueno para la sociedad la autoridad del gobierno, la sociedad necesita m\u00e1s autoridad de la que necesita este gobernador, la sociedad necesita a alguien que ordene, que marque el rumbo, que fije reglas claras, la sociedad necesita autoridad&#8221;.<\/p>\n\n\n\n<p>De todos modos, en esa l\u00ednea aclar\u00f3 que &#8220;los gobiernos provinciales tienen funciones sustantivas como la educaci\u00f3n pero no tienen tanto poder sobre la moneda y sobre tantas otras cosas que son son b\u00e1sicas en la econom\u00eda y en los presupuestos&#8221;<\/p>\n\n\n\n<p>&#8220;<strong>Me gustar\u00eda tener mucho poder para que tuvi\u00e9semos baja inflaci\u00f3n o nada de inflaci\u00f3n&nbsp;<\/strong>que no deteriore socialmente a nuestro pa\u00eds y a nuestra provincia. Me encantar\u00eda tener ese poder. No obstante eso, creo que nuestra obligaci\u00f3n es administrar cada vez mejor este sistema;&nbsp; administrarlo bien. Se ha progresado en el \u00faltimo tiempo. Se ha progresado mucho en la informaci\u00f3n, en la colaboraci\u00f3n de buena parte de los padres como parte indispensable de la comunidad educativa. Se ha progresado mucho en nuestra docencia, mucho es mucho, con mucha colaboraci\u00f3n hacia el servicio y con mucha paciencia sobre los problemas sociales y las dificultades econ\u00f3micas. Se ha progresado en materia de informaci\u00f3n como es el GEM y tantas otras cosas, pero creemos que podemos hacer m\u00e1s y hacer rendir muchos m\u00e1s estos recursos, creemos que lo podemos hacer mejor&#8221;.<\/p>\n\n\n\n<p>Y agreg\u00f3: &#8220;creemos que es necesario que pare la inflaci\u00f3n para no seguir deteriorando salarios,\u00a0 no seguir deteriorando la convivencia social&#8221;.<\/p>\n\n\n\n<p>&nbsp;Paritaria docente en Mendoza<\/p>\n\n\n\n<p>Sobre el acuerdo salarial al que lleg\u00f3 el gobierno provincial con los docentes del SUTE, Cornejo destac\u00f3 que &#8221; estamos comenzando las clases con una paritaria con acuerdo salarial y dos con 600 escuelas intervenidas en todo este verano para poder empezar las clases. Las 600 tuvieron pinturas, en muchos casos con gran protagonismo de la cooperadora del colegio, como es en este caso, no s\u00f3lo con protagonismo sino anticip\u00e1ndose a eso, como en este caso, pero 600 de m\u00e1s de mil establecimientos. Hoy tenemos disponible 13 mil millones de pesos para reparaci\u00f3n y mantenimiento durante todo el a\u00f1o. Hoy creemos que estamos priorizando la educaci\u00f3n, pero tambi\u00e9n hoy sabemos que no es suficiente. Pero desde ya nos comprometemos a seguir en esa direcci\u00f3n&#8221;.<\/p>\n\n\n\n<p>Asimismo, en su exposici\u00f3n, el mandatario destac\u00f3 la importancia del conocimiento como poder para empoderar a los ni\u00f1os. Seg\u00fan mencion\u00f3: &#8220;hoy es un d\u00eda s\u00faper importante y quisimos que sea lo m\u00e1s simb\u00f3lico posible, aqu\u00ed en un lugar rural y en una escuela emblem\u00e1tica que tiene m\u00e1s de 100 a\u00f1os. Hoy con la zonificaci\u00f3n de los docentes y dem\u00e1s queremos priorizar que los chicos les quede cerca la escuela y tengan que trasladarse poco&#8221;. Y en el cierre de su discurso remarc\u00f3: &#8220;el mayor empoderamiento que podemos hacerle a nuestros ni\u00f1os y ni\u00f1as,\u00a0 es darle conocimiento&#8221;.\u00a0<\/p>\n\n\n\n<p>FUENTE: Mendozapost.<\/p>\n","protected":false},"excerpt":{"rendered":"<p>El Gobernador\u00a0Alfredo Cornejo, junto al ministro de Educaci\u00f3n, Cultura, Infancias y DGE,\u00a0Tadeo Garc\u00eda Zalazar, particip\u00f3 del inicio del Ciclo Lectivo 2024. El acto se desarroll\u00f3 en la Escuela 1-330 Pascual Toso de Maip\u00fa, por lo que estuvo presente tambi\u00e9n el intendente de ese departamento,\u00a0Mat\u00edas Stevanato. En la oportunidad, el mandatario provincial destac\u00f3 la importancia de [&hellip;]<\/p>\n","protected":false},"author":2,"featured_media":5665,"comment_status":"open","ping_status":"open","sticky":true,"template":"","format":"standard","meta":[],"categories":[47],"tags":[],"_links":{"self":[{"href":"https:\/\/pasaenmendoza.com\/index.php?rest_route=\/wp\/v2\/posts\/5664"}],"collection":[{"href":"https:\/\/pasaenmendoza.com\/index.php?rest_route=\/wp\/v2\/posts"}],"about":[{"href":"https:\/\/pasaenmendoza.com\/index.php?rest_route=\/wp\/v2\/types\/post"}],"author":[{"embeddable":true,"href":"https:\/\/pasaenmendoza.com\/index.php?rest_route=\/wp\/v2\/users\/2"}],"replies":[{"embeddable":true,"href":"https:\/\/pasaenmendoza.com\/index.php?rest_route=%2Fwp%2Fv2%2Fcomments&post=5664"}],"version-history":[{"count":1,"href":"https:\/\/pasaenmendoza.com\/index.php?rest_route=\/wp\/v2\/posts\/5664\/revisions"}],"predecessor-version":[{"id":5666,"href":"https:\/\/pasaenmendoza.com\/index.php?rest_route=\/wp\/v2\/posts\/5664\/revisions\/5666"}],"wp:featuredmedia":[{"embeddable":true,"href":"https:\/\/pasaenmendoza.com\/index.php?rest_route=\/wp\/v2\/media\/5665"}],"wp:attachment":[{"href":"https:\/\/pasaenmendoza.com\/index.php?rest_route=%2Fwp%2Fv2%2Fmedia&parent=5664"}],"wp:term":[{"taxonomy":"category","embeddable":true,"href":"https:\/\/pasaenmendoza.com\/index.php?rest_route=%2Fwp%2Fv2%2Fcategories&post=5664"},{"taxonomy":"post_tag","embeddable":true,"href":"https:\/\/pasaenmendoza.com\/index.php?rest_route=%2Fwp%2Fv2%2Ftags&post=5664"}],"curies":[{"name":"wp","href":"https:\/\/api.w.org\/{rel}","templated":true}]}}