{"id":5670,"date":"2024-02-27T13:35:01","date_gmt":"2024-02-27T12:35:01","guid":{"rendered":"https:\/\/pasaenmendoza.com\/?p=5670"},"modified":"2024-02-27T13:35:02","modified_gmt":"2024-02-27T12:35:02","slug":"tres-detenidos-por-robo-de-cables-y-una-plaqueta-con-el-escudo-de-la-provincia","status":"publish","type":"post","link":"https:\/\/pasaenmendoza.com\/?p=5670","title":{"rendered":"Tres detenidos por robo de cables y una plaqueta con el escudo de la provincia"},"content":{"rendered":"\n<p><strong>Polic\u00edas de Ciudad<\/strong>&nbsp;capturaron por diferentes hechos ocurridos durante la madrugada y la tarde de este lunes a dos hombres y una mujer por&nbsp;<mark>robo de cables y una plaqueta con el escudo de la provincia.<\/mark><\/p>\n\n\n\n<p>El primero de los hechos se produjo en calle\u00a0<strong>9 de Julio al 1500<\/strong>. Polic\u00edas que realizaban patrullajes preventivos observaron la presencia de una pareja y decidieron ir a identificarla. Sin embargo, el hombre y la mujer escaparon corriendo.<\/p>\n\n\n\n<p>A las pocas cuadras, lograron darles alcance y realizaron una requisa correspondiente, antes de derivarlos a la Comisar\u00eda Cuarta.<mark>\u00a0Entre sus prendas de vestir les encontraron una plaqueta con el escudo de la provincia (sustra\u00edda de alguna farola de alguna plaza del centro) y tambi\u00e9n un rollo con cables.<\/mark><\/p>\n\n\n\n<p>Por su parte, durante la siesta, a las 15.30, un hombre de 42 a\u00f1os qued\u00f3 detenido por&nbsp;<strong>robo de cables en Rep\u00fablica de L\u00edbano e Irigoyen<\/strong>. Al igual que en el caso anterior, uniformados que se encontraban por la zona fueron desplazados por un sujeto que se encontraba sustrayendo los cables de una&nbsp;<strong>central telef\u00f3nica.<\/strong><\/p>\n\n\n\n<p>Con las caracter\u00edsticas aportadas, lograron su captura.<mark>\u00a0Ten\u00eda una mochila en su poder con una importante cantidad de cables y una tijera de mango rojo. Luego de la detenci\u00f3n, fue derivado a la Comisar\u00eda Tercera<\/mark>\u00a0(Oficina Fiscal N\u00ba1) de calle Rioja.<\/p>\n\n\n\n<p><strong>Fuente: www.elsol.com.ar<\/strong><\/p>\n","protected":false},"excerpt":{"rendered":"<p>Polic\u00edas de Ciudad&nbsp;capturaron por diferentes hechos ocurridos durante la madrugada y la tarde de este lunes a dos hombres y una mujer por&nbsp;robo de cables y una plaqueta con el escudo de la provincia. El primero de los hechos se produjo en calle\u00a09 de Julio al 1500. Polic\u00edas que realizaban patrullajes preventivos observaron la presencia [&hellip;]<\/p>\n","protected":false},"author":2,"featured_media":5671,"comment_status":"open","ping_status":"open","sticky":false,"template":"","format":"standard","meta":[],"categories":[48],"tags":[],"_links":{"self":[{"href":"https:\/\/pasaenmendoza.com\/index.php?rest_route=\/wp\/v2\/posts\/5670"}],"collection":[{"href":"https:\/\/pasaenmendoza.com\/index.php?rest_route=\/wp\/v2\/posts"}],"about":[{"href":"https:\/\/pasaenmendoza.com\/index.php?rest_route=\/wp\/v2\/types\/post"}],"author":[{"embeddable":true,"href":"https:\/\/pasaenmendoza.com\/index.php?rest_route=\/wp\/v2\/users\/2"}],"replies":[{"embeddable":true,"href":"https:\/\/pasaenmendoza.com\/index.php?rest_route=%2Fwp%2Fv2%2Fcomments&post=5670"}],"version-history":[{"count":1,"href":"https:\/\/pasaenmendoza.com\/index.php?rest_route=\/wp\/v2\/posts\/5670\/revisions"}],"predecessor-version":[{"id":5672,"href":"https:\/\/pasaenmendoza.com\/index.php?rest_route=\/wp\/v2\/posts\/5670\/revisions\/5672"}],"wp:featuredmedia":[{"embeddable":true,"href":"https:\/\/pasaenmendoza.com\/index.php?rest_route=\/wp\/v2\/media\/5671"}],"wp:attachment":[{"href":"https:\/\/pasaenmendoza.com\/index.php?rest_route=%2Fwp%2Fv2%2Fmedia&parent=5670"}],"wp:term":[{"taxonomy":"category","embeddable":true,"href":"https:\/\/pasaenmendoza.com\/index.php?rest_route=%2Fwp%2Fv2%2Fcategories&post=5670"},{"taxonomy":"post_tag","embeddable":true,"href":"https:\/\/pasaenmendoza.com\/index.php?rest_route=%2Fwp%2Fv2%2Ftags&post=5670"}],"curies":[{"name":"wp","href":"https:\/\/api.w.org\/{rel}","templated":true}]}}