{"id":5674,"date":"2024-02-27T13:45:53","date_gmt":"2024-02-27T12:45:53","guid":{"rendered":"https:\/\/pasaenmendoza.com\/?p=5674"},"modified":"2024-02-27T13:45:54","modified_gmt":"2024-02-27T12:45:54","slug":"gareca-confirmo-que-la-via-blanca-no-sufrira-cambios-pese-a-que-coincide-con-el-discurso-de-milei","status":"publish","type":"post","link":"https:\/\/pasaenmendoza.com\/?p=5674","title":{"rendered":"Gareca confirm\u00f3 que la V\u00eda Blanca no sufrir\u00e1 cambios pese a que coincide con el discurso de Milei"},"content":{"rendered":"\n<p>En un hecho poco usual, el presidente de la Naci\u00f3n,<strong>&nbsp;Javier Milei<\/strong>, decidi\u00f3 dar su&nbsp;<strong>discurso ante el Congreso<\/strong>&nbsp;este viernes por la noche, dando apertura a las sesiones ordinarias. Y coincide con el desarrollo de la&nbsp;<strong>V\u00eda Blanca de las Reinas previsto en Mendoza<\/strong>, que como es tradici\u00f3n se realiza la noche antes del Acto Central.<\/p>\n\n\n\n<p>Sin embargo, desde el Gobierno de Mendoza anticiparon que&nbsp;<strong>no habr\u00e1 modificaciones de horario -menos de d\u00eda- para la V\u00eda Blanca<\/strong>, uno de los eventos m\u00e1s esperados del calendario vendimial. As\u00ed entonces,&nbsp;<strong>el discurso de Milei se dar\u00e1 al mismo tiempo que el paseo de carros aleg\u00f3ricos<\/strong>&nbsp;con las reinas departamentales, que inicia a las 21 de este viernes por las calles c\u00e9ntricas de la Capital, y se calcula dos horas de duraci\u00f3n.<\/p>\n\n\n\n<p><strong>Quien no podr\u00e1 asistir a la V\u00eda Blanca ser\u00e1 la vicepresidenta Victoria Villarruel<\/strong>, quien junto al ministro del Interior Guillermo Francos, hab\u00edan confirmado su presencia. Al presidir el Congreso de la Naci\u00f3n, Villarruel no podr\u00e1 ausentarse ya que debe recibir al presidente Milei para que tome la palabra ante los diputados y senadores nacionales.<\/p>\n\n\n\n<p>De concretar su asistencia en actos vendimiales,<strong>\u00a0se espera que Villarruel y Francos lleguen a Mendoza el s\u00e1bado a primera hora<\/strong>\u00a0para estar presentes en el desayuno de la Coviar en el Hyatt. Lo mismo ocurra quiz\u00e1s con el ministro de Defensa, el mendocino Luis Petri, y resto de los funcionarios, legisladores nacionales y embajadores invitados por el gobernador Alfredo Cornejo.<\/p>\n\n\n\n<p>Los canales de televisi\u00f3n local que acostumbran a transmitir en vivo los actos vendimiales -sobre todo V\u00eda Blanca, Carrusel y la Fiesta Nacional de la Vendimia- s\u00ed ver\u00e1n afectadas sus coberturas, ya que\u00a0<strong>por ley la apertura de sesiones ordinarias del Congreso de la Naci\u00f3n con el presidente ofreciendo sus palabras se emite en directo por cadena nacional. Con lo cual, mientras dure la alocuci\u00f3n no podr\u00e1n hacer vivo de la V\u00eda Blanca de las Reinas.<\/strong><\/p>\n\n\n\n<p><strong>Fuente: www.diariouno.com.ar<\/strong><\/p>\n","protected":false},"excerpt":{"rendered":"<p>En un hecho poco usual, el presidente de la Naci\u00f3n,&nbsp;Javier Milei, decidi\u00f3 dar su&nbsp;discurso ante el Congreso&nbsp;este viernes por la noche, dando apertura a las sesiones ordinarias. Y coincide con el desarrollo de la&nbsp;V\u00eda Blanca de las Reinas previsto en Mendoza, que como es tradici\u00f3n se realiza la noche antes del Acto Central. Sin embargo, [&hellip;]<\/p>\n","protected":false},"author":2,"featured_media":5680,"comment_status":"open","ping_status":"open","sticky":false,"template":"","format":"standard","meta":[],"categories":[74],"tags":[],"_links":{"self":[{"href":"https:\/\/pasaenmendoza.com\/index.php?rest_route=\/wp\/v2\/posts\/5674"}],"collection":[{"href":"https:\/\/pasaenmendoza.com\/index.php?rest_route=\/wp\/v2\/posts"}],"about":[{"href":"https:\/\/pasaenmendoza.com\/index.php?rest_route=\/wp\/v2\/types\/post"}],"author":[{"embeddable":true,"href":"https:\/\/pasaenmendoza.com\/index.php?rest_route=\/wp\/v2\/users\/2"}],"replies":[{"embeddable":true,"href":"https:\/\/pasaenmendoza.com\/index.php?rest_route=%2Fwp%2Fv2%2Fcomments&post=5674"}],"version-history":[{"count":1,"href":"https:\/\/pasaenmendoza.com\/index.php?rest_route=\/wp\/v2\/posts\/5674\/revisions"}],"predecessor-version":[{"id":5681,"href":"https:\/\/pasaenmendoza.com\/index.php?rest_route=\/wp\/v2\/posts\/5674\/revisions\/5681"}],"wp:featuredmedia":[{"embeddable":true,"href":"https:\/\/pasaenmendoza.com\/index.php?rest_route=\/wp\/v2\/media\/5680"}],"wp:attachment":[{"href":"https:\/\/pasaenmendoza.com\/index.php?rest_route=%2Fwp%2Fv2%2Fmedia&parent=5674"}],"wp:term":[{"taxonomy":"category","embeddable":true,"href":"https:\/\/pasaenmendoza.com\/index.php?rest_route=%2Fwp%2Fv2%2Fcategories&post=5674"},{"taxonomy":"post_tag","embeddable":true,"href":"https:\/\/pasaenmendoza.com\/index.php?rest_route=%2Fwp%2Fv2%2Ftags&post=5674"}],"curies":[{"name":"wp","href":"https:\/\/api.w.org\/{rel}","templated":true}]}}