{"id":568,"date":"2023-08-09T17:43:10","date_gmt":"2023-08-09T15:43:10","guid":{"rendered":"https:\/\/pasaenmendoza.com\/?p=568"},"modified":"2023-08-09T17:45:08","modified_gmt":"2023-08-09T15:45:08","slug":"orozco-se-casa-con-janina-ortiz-y-viajan-al-exterior-esta-noche","status":"publish","type":"post","link":"https:\/\/pasaenmendoza.com\/?p=568","title":{"rendered":"Orozco se casa con Janina Ortiz y viajan al exterior esta noche"},"content":{"rendered":"\n<p>La secretaria de Gobierno de Las Heras no estar\u00e1 el pr\u00f3ximo lunes en la audiencia donde podr\u00eda ser imputada en el caso de coacci\u00f3n denunciado por la empleada del municipio que grab\u00f3 a Osvaldo Oyhenart.<\/p>\n\n\n\n<p>El intendente del departamento de Las Heras,\u00a0<strong>Daniel Orozco<\/strong>, se casar\u00e1 este mi\u00e9rcoles con\u00a0<strong>Janina Ortiz<\/strong>, secretaria de Gobierno de la comuna, y por la noche emprender\u00e1n un viaje al exterior, por lo que ella no podr\u00e1 estar en la audiencia del pr\u00f3ximo lunes 14 en la que el juez Sebasti\u00e1n Sarmiento decidir\u00e1 sobre un recurso defensivo extraordinario presentado por la defensa de la funcionaria municipal, quien busca evitar ser imputada en el caso de\u00a0coacci\u00f3n denunciado por la empleada del municipio\u00a0que grab\u00f3 a\u00a0<strong>Oyhenart,\u00a0<\/strong>subsecretario de pol\u00edticas sociales departamental.<\/p>\n\n\n\n<p>&#8220;Tenemos dos fechas especiales m\u00e1s all\u00e1 de lo que pase. Una es hoy, la del casamiento, y la fiesta ser\u00eda en diciembre&#8221;, cont\u00f3 Ortiz a radio Mitre durante la ma\u00f1ana de este mi\u00e9rcoles.<\/p>\n\n\n\n<p>La feliz pareja contraer\u00e1 matrimonio y en la noche emprender\u00e1 viaje. Aunque ellos explican que se trata de un viaje por trabajo, las especulaciones apuntan a una simil &#8220;luna de miel&#8221; en una reconocida playa caribe\u00f1a.<\/p>\n\n\n\n<p>El matrimonio formalizar\u00e1 su v\u00ednculo en una semana compleja, con las\u00a0elecciones del pr\u00f3ximo domingo\u00a0a cuestas y la audiencia del lunes tras la recusaci\u00f3n para\u00a0remover al juez Sarmiento, quien decidir\u00e1 el lunes sobre eso y sobre el recurso defensivo extraordinario presentado por la defensa.<\/p>\n\n\n\n<p>En las \u00faltimas horas, se\u00a0revel\u00f3 que denunciaron por\u00a0encubrimiento de abuso sexual\u00a0al intendente lasherino y a Ortiz. La empleada municipal que denunci\u00f3 el abuso sexual por el que hay un ex funcionario imputado, dice que encubrieron su caso y la intimidaron para que nunca denuncie.<\/p>\n\n\n\n<p>La denuncia ya se convirti\u00f3 en expediente judicial el lunes y recay\u00f3 en la Fiscal\u00eda de Delitos No Especializados de\u00a0<strong>Gabriel Blanco<\/strong>, el mismo fiscal que ya imput\u00f3 por coacci\u00f3n agravada por uso de arma a la Directora de Relaciones con la Comunidad\u00a0<strong>Patricia Rivero<\/strong>, y a su hija\u00a0<strong>Carolina Mur\u00faa<\/strong>, supervisora de la misma repartici\u00f3n.<\/p>\n\n\n\n<p>El\u00a0<strong>abuso sexual\u00a0<\/strong>contra la empleada municipal S.M hoy de 27 a\u00f1os,\u00a0ocurri\u00f3 en la v\u00edspera del 9 de julio de 2020, en plena pandemia, en el Centro Integrador Comunitario El Plumerillo. Mientras hac\u00edan sopaipillas para que el intendente\u00a0<strong>Orozco<\/strong>\u00a0repartiese el 9 de julio de aquel a\u00f1o, D\u00eda de la Independencia, el por entonces coordinador de juventudes\u00a0<strong>Franco Cortez<\/strong>\u00a0la agredi\u00f3 sexualmente en un ba\u00f1o.<\/p>\n\n\n\n<p>Sobre esto, la funcionaria de Las Heras no hizo declaraciones en su charla radial de este mi\u00e9rcoles.<\/p>\n\n\n\n<p><strong><em>FUENTE: <\/em><\/strong>MendozaPost.com<\/p>\n","protected":false},"excerpt":{"rendered":"<p>La secretaria de Gobierno de Las Heras no estar\u00e1 el pr\u00f3ximo lunes en la audiencia donde podr\u00eda ser imputada en el caso de coacci\u00f3n denunciado por la empleada del municipio que grab\u00f3 a Osvaldo Oyhenart. El intendente del departamento de Las Heras,\u00a0Daniel Orozco, se casar\u00e1 este mi\u00e9rcoles con\u00a0Janina Ortiz, secretaria de Gobierno de la comuna, [&hellip;]<\/p>\n","protected":false},"author":2,"featured_media":572,"comment_status":"open","ping_status":"open","sticky":true,"template":"","format":"standard","meta":[],"categories":[47],"tags":[],"_links":{"self":[{"href":"https:\/\/pasaenmendoza.com\/index.php?rest_route=\/wp\/v2\/posts\/568"}],"collection":[{"href":"https:\/\/pasaenmendoza.com\/index.php?rest_route=\/wp\/v2\/posts"}],"about":[{"href":"https:\/\/pasaenmendoza.com\/index.php?rest_route=\/wp\/v2\/types\/post"}],"author":[{"embeddable":true,"href":"https:\/\/pasaenmendoza.com\/index.php?rest_route=\/wp\/v2\/users\/2"}],"replies":[{"embeddable":true,"href":"https:\/\/pasaenmendoza.com\/index.php?rest_route=%2Fwp%2Fv2%2Fcomments&post=568"}],"version-history":[{"count":2,"href":"https:\/\/pasaenmendoza.com\/index.php?rest_route=\/wp\/v2\/posts\/568\/revisions"}],"predecessor-version":[{"id":575,"href":"https:\/\/pasaenmendoza.com\/index.php?rest_route=\/wp\/v2\/posts\/568\/revisions\/575"}],"wp:featuredmedia":[{"embeddable":true,"href":"https:\/\/pasaenmendoza.com\/index.php?rest_route=\/wp\/v2\/media\/572"}],"wp:attachment":[{"href":"https:\/\/pasaenmendoza.com\/index.php?rest_route=%2Fwp%2Fv2%2Fmedia&parent=568"}],"wp:term":[{"taxonomy":"category","embeddable":true,"href":"https:\/\/pasaenmendoza.com\/index.php?rest_route=%2Fwp%2Fv2%2Fcategories&post=568"},{"taxonomy":"post_tag","embeddable":true,"href":"https:\/\/pasaenmendoza.com\/index.php?rest_route=%2Fwp%2Fv2%2Ftags&post=568"}],"curies":[{"name":"wp","href":"https:\/\/api.w.org\/{rel}","templated":true}]}}