{"id":5685,"date":"2024-02-27T14:09:02","date_gmt":"2024-02-27T13:09:02","guid":{"rendered":"https:\/\/pasaenmendoza.com\/?p=5685"},"modified":"2024-02-27T14:09:04","modified_gmt":"2024-02-27T13:09:04","slug":"el-sute-pidio-a-garcia-zalazar-que-pelee-por-los-fondos-nacionales-y-le-entrego-un-petitorio","status":"publish","type":"post","link":"https:\/\/pasaenmendoza.com\/?p=5685","title":{"rendered":"El SUTE pidi\u00f3 a Garc\u00eda Zalazar que pelee por los fondos nacionales y le entreg\u00f3 un petitorio"},"content":{"rendered":"\n<p>&#8220;Nos preocupan los fondos nacionales, porque eso tambi\u00e9n es educaci\u00f3n&#8221;, le dijo la titular del\u00a0<strong>SUTE\u00a0<\/strong>al ministro\u00a0<strong>Tadeo Garc\u00eda Zalazar\u00a0<\/strong>en el\u00a0<strong>primer d\u00eda de clases<\/strong>\u00a02024. Fue durante la entrega de un petitorio que encabez\u00f3 el gremio y en el que no dej\u00f3 afuera las \u00faltimas decisiones del Javier Milei, como el recorte total del Incentivo Docente que hasta diciembre pagaba Naci\u00f3n.<\/p>\n\n\n\n<p><strong>Educaci\u00f3n, Cultura, Infancias y DGE<\/strong>. Todas esas \u00e1reas tiene bajo su competencia el exintendente de Godoy Cruz desde diciembre. Sin embargo, reci\u00e9n este 26 de febrero termin\u00f3 por estrenarlas todas, al menos formalmente, porque encabez\u00f3 un acto en el que dio inicio al<strong>&nbsp;ciclo lectivo 2024. Su primer d\u00eda de clases&nbsp;<\/strong>como referente de todas las aulas mendocinas.<\/p>\n\n\n\n<p>Ah\u00ed, en la escuela de\u00a0<strong>Maip\u00fa<\/strong>\u00a0que eligi\u00f3 el Gobierno para hacer en encuentro -algo que ponder\u00f3 el intendente<strong>\u00a0Mat\u00edas Stevanato<\/strong>, que es de otro signo pol\u00edtico- lo esper\u00f3 un pu\u00f1ado de dirigentes del SUTE,\u00a0<strong>con su secretaria General, Carina Sedano,\u00a0<\/strong>a la cabeza. Le entregaron un documento que Garc\u00eda Zalazar prometi\u00f3 leer y responder y le se\u00f1alaron algunos puntos en los que estaban\u00a0<strong>disconformes<\/strong>.<\/p>\n\n\n\n<p><strong>&#8220;Hoy no s\u00f3lo nos preocupa el salario provincial docente\u00a0<\/strong>en esta escuela&#8221;, comenz\u00f3 Sedano. &#8220;Nos preocupa que era una escuela de jornada completa y nos preocupan los fondos nacionales que deben llegar; porque eso tambi\u00e9n es Educaci\u00f3n&#8221;, manifest\u00f3. El titular del \u00e1rea le contest\u00f3:\u00a0<strong>&#8220;Estamos de acuerdo&#8221;.<\/strong><\/p>\n\n\n\n<p><strong>Sedano <\/strong>ratific\u00f3 sus pedidos, al mismo tiempo en que ayud\u00f3 a desmenuzar el contenido de lo que el ministro se llev\u00f3 bajo el brazo:\u00a0<strong>&#8220;Incentivo docente, fondos de la Copa de Leche y para comedores escolares. Tambi\u00e9n del INET (Instituto Nacional de Educaci\u00f3n Tecnol\u00f3gica)\u00a0<\/strong>para las escuelas t\u00e9cnicas; programa de coros y orquestas; \u00fatiles y libros para nivel inicial, primario y secundario; reparaci\u00f3n y construcci\u00f3n de escuelas, fondos para las\u00a0<strong>cooperadoras\u00a0<\/strong>escolares, etc\u00e9tera&#8221;, marc\u00f3 ante la consulta del medio.<\/p>\n\n\n\n<h2 class=\"wp-block-heading\">Primera vez que comienzan las clases en el 99,9% de las escuelas<\/h2>\n\n\n\n<p><strong>&#8220;Hoy comenzamos con el 99,9% de las escuelas en funcionamiento.\u00a0<\/strong>Nunca hab\u00eda ocurrido eso&#8221;, dijo Garc\u00eda Zalazar en su alocuci\u00f3n frente a padres, madres, docentes, celadores, directivos y alumnos. En fin, frente a todos los que asistieron al colegio en este arranque del ciclo.\u00a0<strong>&#8220;En Malarg\u00fce est\u00e1 el \u00fanico establecimiento que no comenz\u00f3 hoy\u00a0<\/strong>y fue porque sufri\u00f3 una contingencia clim\u00e1tica en la jornada de ayer. Estamos trabajando para que se reestablezca el servicio, porque por las lluvias\u00a0<strong>se desbord\u00f3 un canal&#8221;,<\/strong>\u00a0cont\u00f3.<\/p>\n\n\n\n<p><strong>&#8220;Elegimos esta escuela porque hay mucho compromiso de la comunida<\/strong>d con el sistema educativo. Porque colaboran con ella, porque sabemos el trabajo de la cooperadora&#8221;, dijo el&nbsp;<strong>exintendente<\/strong>, y mencion\u00f3 un episodio en el que se dispon\u00edan a hacer tareas de pintura y se enteraron de que ya hab\u00edan comenzado a hacerlo los propios padres con fondos que se hab\u00edan gestionado ellos mismos tiempo antes.&nbsp;<strong>Al decir eso, los aludidos aplaudieron las palabras del funcionario.<\/strong><\/p>\n\n\n\n<p>&#8220;Lo que tenemos claro desde este nuevo ministerio, desde toda la gesti\u00f3n, es que lo educativo tiene que ser prioridad. Y no es una prioridad declamativa, sino que tratamos de que se establezca con acciones concretas.\u00a0<strong>Hoy los chicos lo ven: que la escuela tenga nueva conectividad es un cambio que ellos pueden palpar; que vayan a recibir todos ellos un libro de texto tambi\u00e9n lo es.<\/strong>\u00a0Que hoy tengamos las escuelas en condiciones, habiendo hecho arreglos en 600 establecimientos, en pintura, techos y ba\u00f1os, tambi\u00e9n demuestran esa intenci\u00f3n&#8221;, marc\u00f3\u00a0<strong>Garc\u00eda Zalazar.<\/strong><\/p>\n\n\n\n<p>Antes,&nbsp;<strong>el gobernador Cornejo<\/strong>&nbsp;hab\u00eda abierto el encuentro con un discurso: &#8220;El servicio de educaci\u00f3n est\u00e1 \u00edntegramente en la provincia. Es muy bueno que un municipio se comprometa, y eso es<strong>&nbsp;un agradecimiento especial a este municipio&#8221;,&nbsp;<\/strong>aclar\u00f3. &#8220;De todos los recursos que tiene la provincia,&nbsp;<strong>m\u00e1s de la mitad van a parar a Educaci\u00f3n.&nbsp;<\/strong>Y a su vez, no s\u00f3lo es&nbsp;<strong>poco<\/strong>, sino que lo que tenemos, sabemos que tenemos que hacerlo rendir mucho mejor.<\/p>\n\n\n\n<p>Respecto a los planteos del SUTE, el ministro tendr\u00e1 una tarea especial este martes, cuando acuda al encuentro por la paritaria nacional docente. Ah\u00ed estar\u00e1n sus pares de otras provincias, estar\u00e1n los gremios que hoy combaten con la gesti\u00f3n Milei, como<strong>\u00a0CTERA y, en Buenos Aires, SUTEBA,<\/strong>\u00a0y estar\u00e1 el secretario de Educaci\u00f3n,\u00a0<strong>Carlos Torrendell.\u00a0<\/strong>En Mendoza esperan que les brinde informaci\u00f3n acerca de c\u00f3mo pagar\u00e1n fondos educativos que en Casa de Gobierno dicen que est\u00e1n impagos.\u00a0<strong>Ascender\u00edan casi a 15 mil millones de pesos.<\/strong><\/p>\n\n\n\n<p><strong>Fuente: www.diariouno.com.ar<\/strong><\/p>\n","protected":false},"excerpt":{"rendered":"<p>&#8220;Nos preocupan los fondos nacionales, porque eso tambi\u00e9n es educaci\u00f3n&#8221;, le dijo la titular del\u00a0SUTE\u00a0al ministro\u00a0Tadeo Garc\u00eda Zalazar\u00a0en el\u00a0primer d\u00eda de clases\u00a02024. Fue durante la entrega de un petitorio que encabez\u00f3 el gremio y en el que no dej\u00f3 afuera las \u00faltimas decisiones del Javier Milei, como el recorte total del Incentivo Docente que hasta [&hellip;]<\/p>\n","protected":false},"author":2,"featured_media":5686,"comment_status":"open","ping_status":"open","sticky":false,"template":"","format":"standard","meta":[],"categories":[56],"tags":[],"_links":{"self":[{"href":"https:\/\/pasaenmendoza.com\/index.php?rest_route=\/wp\/v2\/posts\/5685"}],"collection":[{"href":"https:\/\/pasaenmendoza.com\/index.php?rest_route=\/wp\/v2\/posts"}],"about":[{"href":"https:\/\/pasaenmendoza.com\/index.php?rest_route=\/wp\/v2\/types\/post"}],"author":[{"embeddable":true,"href":"https:\/\/pasaenmendoza.com\/index.php?rest_route=\/wp\/v2\/users\/2"}],"replies":[{"embeddable":true,"href":"https:\/\/pasaenmendoza.com\/index.php?rest_route=%2Fwp%2Fv2%2Fcomments&post=5685"}],"version-history":[{"count":1,"href":"https:\/\/pasaenmendoza.com\/index.php?rest_route=\/wp\/v2\/posts\/5685\/revisions"}],"predecessor-version":[{"id":5687,"href":"https:\/\/pasaenmendoza.com\/index.php?rest_route=\/wp\/v2\/posts\/5685\/revisions\/5687"}],"wp:featuredmedia":[{"embeddable":true,"href":"https:\/\/pasaenmendoza.com\/index.php?rest_route=\/wp\/v2\/media\/5686"}],"wp:attachment":[{"href":"https:\/\/pasaenmendoza.com\/index.php?rest_route=%2Fwp%2Fv2%2Fmedia&parent=5685"}],"wp:term":[{"taxonomy":"category","embeddable":true,"href":"https:\/\/pasaenmendoza.com\/index.php?rest_route=%2Fwp%2Fv2%2Fcategories&post=5685"},{"taxonomy":"post_tag","embeddable":true,"href":"https:\/\/pasaenmendoza.com\/index.php?rest_route=%2Fwp%2Fv2%2Ftags&post=5685"}],"curies":[{"name":"wp","href":"https:\/\/api.w.org\/{rel}","templated":true}]}}