{"id":5688,"date":"2024-02-27T14:15:44","date_gmt":"2024-02-27T13:15:44","guid":{"rendered":"https:\/\/pasaenmendoza.com\/?p=5688"},"modified":"2024-02-27T14:15:46","modified_gmt":"2024-02-27T13:15:46","slug":"aumenta-el-boleto-de-colectivo-fijan-fecha-para-la-audiencia","status":"publish","type":"post","link":"https:\/\/pasaenmendoza.com\/?p=5688","title":{"rendered":"Aumenta el boleto de colectivo: fijan fecha para la audiencia"},"content":{"rendered":"\n<p>Los mendocinos deber\u00e1n afrontar un nuevo aumento en la tarifa del\u00a0<strong>transporte p\u00fablico de pasajeros<\/strong>\u00a0que se definir\u00e1 los pr\u00f3ximos d\u00edas en la\u00a0<strong>audiencia p\u00fablica<\/strong>\u00a0convocada por el gobierno de Mendoza. Actualmente el boleto tiene un costo de $200.\u00a0<\/p>\n\n\n\n<p>El primero de febrero se aplic\u00f3 el \u00faltimo aumento que llev\u00f3 el valor del boleto a $200, sin embargo, seg\u00fan lo anunciado por autoridades de la provincia, los pr\u00f3ximos d\u00edas se definir\u00e1 un nuevo incremento en la tarifa plana y recorridos de media y larga distancia. Fuentes del gobierno de Mendoza aseguraron a\u00a0<em>MDZ<\/em>\u00a0que la tarifa actual est\u00e1 muy por debajo de los costos\u00a0que deber\u00eda tener tras los \u00faltimos aumentos de combustibles y la suba del tipo de cambio oficial.\u00a0<\/p>\n\n\n\n<p>La audiencia p\u00fablica tendr\u00e1 lugar el pr\u00f3ximo&nbsp;27 de marzo y fue convocada por el&nbsp;Ente de la Movilidad Provincial (EMOP)&nbsp;a partir de&nbsp;la&nbsp;resoluci\u00f3n 538&nbsp;publicada este martes en el&nbsp;Bolet\u00edn Oficial. La convocatoria ser\u00e1 a las 9 en la&nbsp;Sala Horcones del Centro de Congresos y Exposiciones&nbsp;(Peltier 611 de la Ciudad de Mendoza), en forma presencial, con el objetivo de \u201cdar tratamiento al incremento del costo del servicio de<strong>l&nbsp;transporte p\u00fablico&nbsp;<\/strong>de pasajeros regular urbano del Gran Mendoza y de Media y Larga Distancia\u201d.<\/p>\n\n\n\n<p>Seg\u00fan expresa\u00a0la resoluci\u00f3n, fueron los diferentes \u201cconcesionarios del sistema\u201d quienes solicitaron una \u201cactualizaci\u00f3n de los costos, atendiendo a las variables econ\u00f3micas producidas en el \u00faltimo tiempo, en el contexto nacional y provincial\u201d.<\/p>\n\n\n\n<figure class=\"wp-block-image size-full\"><img decoding=\"async\" loading=\"lazy\" width=\"668\" height=\"717\" src=\"https:\/\/pasaenmendoza.com\/wp-content\/uploads\/2024\/02\/transporte.webp1_.png\" alt=\"\" class=\"wp-image-5689\" srcset=\"https:\/\/pasaenmendoza.com\/wp-content\/uploads\/2024\/02\/transporte.webp1_.png 668w, https:\/\/pasaenmendoza.com\/wp-content\/uploads\/2024\/02\/transporte.webp1_-279x300.png 279w, https:\/\/pasaenmendoza.com\/wp-content\/uploads\/2024\/02\/transporte.webp1_-150x161.png 150w, https:\/\/pasaenmendoza.com\/wp-content\/uploads\/2024\/02\/transporte.webp1_-300x322.png 300w\" sizes=\"(max-width: 668px) 100vw, 668px\" \/><\/figure>\n\n\n\n<p><strong>Fuente: www.mdzol.com<\/strong><\/p>\n","protected":false},"excerpt":{"rendered":"<p>Los mendocinos deber\u00e1n afrontar un nuevo aumento en la tarifa del\u00a0transporte p\u00fablico de pasajeros\u00a0que se definir\u00e1 los pr\u00f3ximos d\u00edas en la\u00a0audiencia p\u00fablica\u00a0convocada por el gobierno de Mendoza. Actualmente el boleto tiene un costo de $200.\u00a0 El primero de febrero se aplic\u00f3 el \u00faltimo aumento que llev\u00f3 el valor del boleto a $200, sin embargo, seg\u00fan [&hellip;]<\/p>\n","protected":false},"author":2,"featured_media":5690,"comment_status":"open","ping_status":"open","sticky":false,"template":"","format":"standard","meta":[],"categories":[80],"tags":[],"_links":{"self":[{"href":"https:\/\/pasaenmendoza.com\/index.php?rest_route=\/wp\/v2\/posts\/5688"}],"collection":[{"href":"https:\/\/pasaenmendoza.com\/index.php?rest_route=\/wp\/v2\/posts"}],"about":[{"href":"https:\/\/pasaenmendoza.com\/index.php?rest_route=\/wp\/v2\/types\/post"}],"author":[{"embeddable":true,"href":"https:\/\/pasaenmendoza.com\/index.php?rest_route=\/wp\/v2\/users\/2"}],"replies":[{"embeddable":true,"href":"https:\/\/pasaenmendoza.com\/index.php?rest_route=%2Fwp%2Fv2%2Fcomments&post=5688"}],"version-history":[{"count":1,"href":"https:\/\/pasaenmendoza.com\/index.php?rest_route=\/wp\/v2\/posts\/5688\/revisions"}],"predecessor-version":[{"id":5691,"href":"https:\/\/pasaenmendoza.com\/index.php?rest_route=\/wp\/v2\/posts\/5688\/revisions\/5691"}],"wp:featuredmedia":[{"embeddable":true,"href":"https:\/\/pasaenmendoza.com\/index.php?rest_route=\/wp\/v2\/media\/5690"}],"wp:attachment":[{"href":"https:\/\/pasaenmendoza.com\/index.php?rest_route=%2Fwp%2Fv2%2Fmedia&parent=5688"}],"wp:term":[{"taxonomy":"category","embeddable":true,"href":"https:\/\/pasaenmendoza.com\/index.php?rest_route=%2Fwp%2Fv2%2Fcategories&post=5688"},{"taxonomy":"post_tag","embeddable":true,"href":"https:\/\/pasaenmendoza.com\/index.php?rest_route=%2Fwp%2Fv2%2Ftags&post=5688"}],"curies":[{"name":"wp","href":"https:\/\/api.w.org\/{rel}","templated":true}]}}