{"id":5693,"date":"2024-02-28T13:29:02","date_gmt":"2024-02-28T12:29:02","guid":{"rendered":"https:\/\/pasaenmendoza.com\/?p=5693"},"modified":"2024-02-28T13:29:04","modified_gmt":"2024-02-28T12:29:04","slug":"finalmente-mendoza-sera-parte-de-la-mesa-del-cobre","status":"publish","type":"post","link":"https:\/\/pasaenmendoza.com\/?p=5693","title":{"rendered":"Finalmente, Mendoza ser\u00e1 parte de la Mesa del Cobre"},"content":{"rendered":"\n<p>Confirmado: finalmente,\u00a0<strong>Mendoza<\/strong>\u00a0integrar\u00e1 la\u00a0<strong>Mesa del Cobre<\/strong>, espacio que acordaron crear<strong>\u00a0San Juan, Catamarca y Salta<\/strong>\u00a0semanas atr\u00e1s, y que estar\u00e1 operativo a fines de\u00a0<strong>mayo<\/strong>. As\u00ed lo confirm\u00f3 al\u00a0<em><strong>Post<\/strong><\/em>\u00a0la ministra de Energ\u00eda y Ambiente,\u00a0Jimena Latorre. &#8220;Ya estamos trabajando con la gente del Gobierno de San Juan&#8221;, agreg\u00f3 la funcionaria.<\/p>\n\n\n\n<p>La creaci\u00f3n de la Mesa del Cobre fue acordada durante una misi\u00f3n en Europa de los gobernadores de San Juan,\u00a0<strong>Marcelo Orrego<\/strong><em>\u00a0(en la foto superior, con Cornejo)<\/em>; Catamarca,\u00a0<strong>Ra\u00fal Jalil<\/strong>; y Salta,\u00a0<strong>Gustavo S\u00e1enz<\/strong>; espec\u00edficamente en una reuni\u00f3n en\u00a0<strong>Bruselas<\/strong>\u00a0(B\u00e9lgica).\u00a0Alfredo Cornejo\u00a0no particip\u00f3 porque el viaje estaba m\u00e1s focalizado en la promoci\u00f3n del litio, otro mineral clave para la transici\u00f3n energ\u00e9tica, sin reservas en Mendoza.<\/p>\n\n\n\n<p>Seg\u00fan ratificaron desde el Gobierno de Mendoza, la\u00a0<strong>Mesa del Cobre<\/strong>\u00a0se formalizar\u00e1 en la\u00a0<strong>Expo San Juan Minera<\/strong>, que se realizar\u00e1 en esa provincia\u00a0<strong>del 21 al 23 de mayo<\/strong>. La provincia anfitriona lidera las inversiones de exploraci\u00f3n en Argentina y posee 5 de los 8 proyectos m\u00e1s avanzados que tiene el pa\u00eds.<\/p>\n\n\n\n<p>La integraci\u00f3n de Mendoza a la Mesa del Cobre se da en un contexto particular: esta semana\u00a0comenzaron las perforaciones en\u00a0<strong>Cerro Amarillo<\/strong>\u00a0(Malarg\u00fce), como parte del proceso de exploraci\u00f3n, lo que signific\u00f3 un hito en una provincia paralizada durante m\u00e1s de 15 a\u00f1os en materia de miner\u00eda metal\u00edfera, despu\u00e9s de la sanci\u00f3n de la Ley 7722. A su vez, recientemente se presentaron en la Legislatura las declaraciones de impacto ambiental para habilitar la exploraci\u00f3n de otros tres yacimiento de cobre:\u00a0<strong>El Burrero, Las Choicas y La Adriana<\/strong>, tambi\u00e9n ubicados en Malarg\u00fce, a cargo de la empresa Geometales de Marcelo Mindlin.<\/p>\n\n\n\n<p>En el caso de\u00a0<strong>San Jorge<\/strong>, un proyecto emblema de cobre en Mendoza, ubicado en las cercan\u00edas de\u00a0<strong>Uspallata<\/strong>, ya se complet\u00f3 la etapa de exploraci\u00f3n antes de la sanci\u00f3n de la Ley 7722, y est\u00e1 pendiente el tratamiento legislativo de una nueva declaraci\u00f3n de impacto ambiental para la etapa de explotaci\u00f3n, ya que la original fue rechazada en 2011, en medio de la campa\u00f1a electoral, por peronistas y radicales.<\/p>\n\n\n\n<p>Por qu\u00e9 la Mesa del Cobre<\/p>\n\n\n\n<p>&#8220;Queremos un regionalismo aplicado a la actividad minera. Buscamos generar un polo productivo e integrar las provincias productoras para que cada una se desarrolle con sinergia&#8221;, indic\u00f3 la ministra Latorre. En efecto, m\u00e1s all\u00e1 de que no haya explotaci\u00f3n de miner\u00eda de primera categor\u00eda,<strong>\u00a0Mendoza es un actor de peso en la industria minera, a trav\u00e9s de log\u00edstica, empresas y mano de obra calificada<\/strong>\u00a0al servicio de la actividad en otras provincias, incluso de\u00a0<strong>an\u00e1lisis qu\u00edmico<\/strong>.<\/p>\n\n\n\n<p>M\u00e1s all\u00e1 de que en el esquema actual Mendoza aporta valor a la cadena minera, en el Gobierno no dejan de lado que<strong>&nbsp;&#8220;tambi\u00e9n tenemos el potencial geol\u00f3gico para desarrollar la actividad ac\u00e1&#8221;<\/strong>.<\/p>\n\n\n\n<p>Si bien la Ley 7722 es restrictiva en cuanto a las sustancias que se pueden utilizar y, por ende, en el m\u00e9todo de explotaci\u00f3n, en el Gobierno insisten en que igualmente se puede avanzar. De hecho, la propuesta de\u00a0<strong>San Jorge<\/strong>, rechazada m\u00e1s por cuestiones pol\u00edticas que t\u00e9cnicas,\u00a0<strong>ofrec\u00eda una alternativa v\u00e1lida: por flotaci\u00f3n utilizando xantato, sustancia permitida<\/strong>.<\/p>\n\n\n\n<p>Un dato no menor es que, m\u00e1s all\u00e1 de la voluntad del Poder Ejecutivo de sumarse a la Mesa del Cobre,&nbsp;<strong>esta iniciativa cuenta con respaldo de la oposici\u00f3n.&nbsp;<\/strong><\/p>\n\n\n\n<p>En los pr\u00f3ximos d\u00edas, ingresar\u00e1 a la C\u00e1mara de Diputados un proyecto de declaraci\u00f3n de<strong>\u00a0Gustavo Cairo<\/strong>, de La Uni\u00f3n Mendocina, con la firma del peronista\u00a0<strong>Germ\u00e1n G\u00f3mez<\/strong>, del sector de los hermanos F\u00e9lix, y de los\u00a0<strong>legisladores que responden a Luis Petri<\/strong>, solicitando justamente que Mendoza se sume a la Mesa del Cobre.<\/p>\n\n\n\n<p>FUENTE: Mendozapost.<\/p>\n","protected":false},"excerpt":{"rendered":"<p>Confirmado: finalmente,\u00a0Mendoza\u00a0integrar\u00e1 la\u00a0Mesa del Cobre, espacio que acordaron crear\u00a0San Juan, Catamarca y Salta\u00a0semanas atr\u00e1s, y que estar\u00e1 operativo a fines de\u00a0mayo. As\u00ed lo confirm\u00f3 al\u00a0Post\u00a0la ministra de Energ\u00eda y Ambiente,\u00a0Jimena Latorre. &#8220;Ya estamos trabajando con la gente del Gobierno de San Juan&#8221;, agreg\u00f3 la funcionaria. La creaci\u00f3n de la Mesa del Cobre fue acordada durante [&hellip;]<\/p>\n","protected":false},"author":2,"featured_media":5695,"comment_status":"open","ping_status":"open","sticky":true,"template":"","format":"standard","meta":[],"categories":[47],"tags":[],"_links":{"self":[{"href":"https:\/\/pasaenmendoza.com\/index.php?rest_route=\/wp\/v2\/posts\/5693"}],"collection":[{"href":"https:\/\/pasaenmendoza.com\/index.php?rest_route=\/wp\/v2\/posts"}],"about":[{"href":"https:\/\/pasaenmendoza.com\/index.php?rest_route=\/wp\/v2\/types\/post"}],"author":[{"embeddable":true,"href":"https:\/\/pasaenmendoza.com\/index.php?rest_route=\/wp\/v2\/users\/2"}],"replies":[{"embeddable":true,"href":"https:\/\/pasaenmendoza.com\/index.php?rest_route=%2Fwp%2Fv2%2Fcomments&post=5693"}],"version-history":[{"count":1,"href":"https:\/\/pasaenmendoza.com\/index.php?rest_route=\/wp\/v2\/posts\/5693\/revisions"}],"predecessor-version":[{"id":5696,"href":"https:\/\/pasaenmendoza.com\/index.php?rest_route=\/wp\/v2\/posts\/5693\/revisions\/5696"}],"wp:featuredmedia":[{"embeddable":true,"href":"https:\/\/pasaenmendoza.com\/index.php?rest_route=\/wp\/v2\/media\/5695"}],"wp:attachment":[{"href":"https:\/\/pasaenmendoza.com\/index.php?rest_route=%2Fwp%2Fv2%2Fmedia&parent=5693"}],"wp:term":[{"taxonomy":"category","embeddable":true,"href":"https:\/\/pasaenmendoza.com\/index.php?rest_route=%2Fwp%2Fv2%2Fcategories&post=5693"},{"taxonomy":"post_tag","embeddable":true,"href":"https:\/\/pasaenmendoza.com\/index.php?rest_route=%2Fwp%2Fv2%2Ftags&post=5693"}],"curies":[{"name":"wp","href":"https:\/\/api.w.org\/{rel}","templated":true}]}}