{"id":5697,"date":"2024-02-28T13:32:05","date_gmt":"2024-02-28T12:32:05","guid":{"rendered":"https:\/\/pasaenmendoza.com\/?p=5697"},"modified":"2024-02-28T13:32:06","modified_gmt":"2024-02-28T12:32:06","slug":"nacion-vs-provincias-la-diputada-mendocina-mercedes-llano-pidio-eliminar-la-coparticipacion","status":"publish","type":"post","link":"https:\/\/pasaenmendoza.com\/?p=5697","title":{"rendered":"Naci\u00f3n vs. provincias: la diputada mendocina Mercedes Llano pidi\u00f3 eliminar la coparticipaci\u00f3n"},"content":{"rendered":"\n<p>La legisladora de La Libertad Avanza por Mendoza critic\u00f3 la postura de los gobernadores y sugiri\u00f3 que se elimine la coparticipaci\u00f3n para que cada provincia &#8220;viva de lo que genere&#8221;.<\/p>\n\n\n\n<p>El conflicto entre la\u00a0<strong>Naci\u00f3n\u00a0<\/strong>y las provincias suma cada d\u00eda un nuevo cap\u00edtulo. Desde el reclamo firmado por los gobernadores de Juntos por el Cambio, entre ellos Alfredo Cornejo, la pol\u00e9mica ha ido en escala. Mensajes cruzados por las redes y hasta\u00a0un fallo de la\u00a0<strong>Justicia Federal\u00a0<\/strong>hicieron que el tema se instale de lleno en la agenda tras el recorte de fondos para el transporte que hizo el Gobierno nacional a las provincias. En especial, el conflicto recal\u00f3 entre el presidente\u00a0<strong>Javier Milei\u00a0<\/strong>y el gobernador de Chubut,\u00a0<strong>Ignacio Torres.<\/strong><\/p>\n\n\n\n<p>Ante esto, este martes por la noche, la diputada mendocina\u00a0<strong>Mercedes Llano\u00a0<\/strong>analiz\u00f3 la situaci\u00f3n y fue cr\u00edtica de la postura del gobernador del Sur en medio de la lucha. &#8220;A mediados del SXIX las fuentes tributarias estaban separadas: la Naci\u00f3n aplicaba un \u00fanico tipo de impuesto y las provincias los dem\u00e1s. La Naci\u00f3n avanz\u00f3 sobre las potestades tributarias de las provincias y, ahora, tanto Naci\u00f3n como provincias cobran decenas de impuestos&#8221;, comenz\u00f3 diciendo.<\/p>\n\n\n\n<p>&#8220;La clave del desmadre fue la coparticipaci\u00f3n. La&nbsp;<strong>coparticipaci\u00f3n&nbsp;<\/strong>genera una relaci\u00f3n injusta y de dependencia de las provincias hacia la administraci\u00f3n nacional. El resultado es un Estado nacional gigante, provincias que gastan irresponsablemente m\u00e1s de lo que generan y provincias que reciben menos de lo que aportan&#8221;, continu\u00f3 diciendo la diputada mendocina.<\/p>\n\n\n\n<p>&#8220;Para evitar estos conflictos y que los gobernadores dejen de mendigar ante la Naci\u00f3n o de acudir a la Justicia, se debe ELIMINAR la COPARTICIPACI\u00d3N y volver al r\u00e9gimen federal alberdiano de 1853. Y que cada uno viva de lo que genera&#8221;, finaliz\u00f3 diciendo la legisladora libertaria sobre la idea de eliminar la coparticipaci\u00f3n para darle soluci\u00f3n al conflicto.<\/p>\n\n\n\n<p>Este martes el gobernador de\u00a0<strong>Chubut\u00a0<\/strong>inform\u00f3 que la situaci\u00f3n est\u00e1 saldada y que no suspender\u00e1n el env\u00edo de petr\u00f3leo a Naci\u00f3n luego de amenazar justamente con eso en las \u00faltimas horas tras el recorte de fondos de Milei a dicha provincia. Un fallo de un juez federal de Rawson, por su parte, confirm\u00f3 que Naci\u00f3n no puede retirarle esos fondos y que deber\u00e1n ser entregados a la provincia.<\/p>\n\n\n\n<p>FUENTE: MDZonline.<\/p>\n","protected":false},"excerpt":{"rendered":"<p>La legisladora de La Libertad Avanza por Mendoza critic\u00f3 la postura de los gobernadores y sugiri\u00f3 que se elimine la coparticipaci\u00f3n para que cada provincia &#8220;viva de lo que genere&#8221;. El conflicto entre la\u00a0Naci\u00f3n\u00a0y las provincias suma cada d\u00eda un nuevo cap\u00edtulo. Desde el reclamo firmado por los gobernadores de Juntos por el Cambio, entre [&hellip;]<\/p>\n","protected":false},"author":2,"featured_media":5698,"comment_status":"open","ping_status":"open","sticky":true,"template":"","format":"standard","meta":[],"categories":[47],"tags":[],"_links":{"self":[{"href":"https:\/\/pasaenmendoza.com\/index.php?rest_route=\/wp\/v2\/posts\/5697"}],"collection":[{"href":"https:\/\/pasaenmendoza.com\/index.php?rest_route=\/wp\/v2\/posts"}],"about":[{"href":"https:\/\/pasaenmendoza.com\/index.php?rest_route=\/wp\/v2\/types\/post"}],"author":[{"embeddable":true,"href":"https:\/\/pasaenmendoza.com\/index.php?rest_route=\/wp\/v2\/users\/2"}],"replies":[{"embeddable":true,"href":"https:\/\/pasaenmendoza.com\/index.php?rest_route=%2Fwp%2Fv2%2Fcomments&post=5697"}],"version-history":[{"count":1,"href":"https:\/\/pasaenmendoza.com\/index.php?rest_route=\/wp\/v2\/posts\/5697\/revisions"}],"predecessor-version":[{"id":5699,"href":"https:\/\/pasaenmendoza.com\/index.php?rest_route=\/wp\/v2\/posts\/5697\/revisions\/5699"}],"wp:featuredmedia":[{"embeddable":true,"href":"https:\/\/pasaenmendoza.com\/index.php?rest_route=\/wp\/v2\/media\/5698"}],"wp:attachment":[{"href":"https:\/\/pasaenmendoza.com\/index.php?rest_route=%2Fwp%2Fv2%2Fmedia&parent=5697"}],"wp:term":[{"taxonomy":"category","embeddable":true,"href":"https:\/\/pasaenmendoza.com\/index.php?rest_route=%2Fwp%2Fv2%2Fcategories&post=5697"},{"taxonomy":"post_tag","embeddable":true,"href":"https:\/\/pasaenmendoza.com\/index.php?rest_route=%2Fwp%2Fv2%2Ftags&post=5697"}],"curies":[{"name":"wp","href":"https:\/\/api.w.org\/{rel}","templated":true}]}}