{"id":5700,"date":"2024-02-28T13:35:04","date_gmt":"2024-02-28T12:35:04","guid":{"rendered":"https:\/\/pasaenmendoza.com\/?p=5700"},"modified":"2024-02-28T13:35:05","modified_gmt":"2024-02-28T12:35:05","slug":"la-nacion-le-confirmo-a-ministros-de-educacion-y-a-gremios-la-eliminacion-del-fondo-de-incentivo-docente","status":"publish","type":"post","link":"https:\/\/pasaenmendoza.com\/?p=5700","title":{"rendered":"La Naci\u00f3n le confirm\u00f3 a ministros de Educaci\u00f3n y a gremios la eliminaci\u00f3n del Fondo de Incentivo Docente"},"content":{"rendered":"\n<p>La reuni\u00f3n entre las autoridades provinciales y los sindicatos pas\u00f3 a un cuarto intermedio, donde se discutir\u00e1n los salarios.<\/p>\n\n\n\n<p>La reuni\u00f3n entre las \u00e1reas de Trabajo y de Educaci\u00f3n, pertenecientes al Ministerio de Capital Humano, con los representantes de los cinco gremios docentes a nivel nacional y los ministros de Educaci\u00f3n de las provincias y de la ciudad de Buenos Aires pas\u00f3 a \u201cun cuarto intermedio\u201d hasta el pr\u00f3ximo martes, y tras no recibir una oferta salarial, las agrupaciones sindicales convocaron a una conferencia de prensa y reclamaron por las \u201cactitudes absolutamente dilatorias\u201d del Gobierno.<\/p>\n\n\n\n<p>Tras participar del encuentro,\u00a0<strong>Tadeo Garc\u00eda Zalazar<\/strong>, el ministro de Educaci\u00f3n de Mendoza, asegur\u00f3 a trav\u00e9s de las redes sociales: \u201cLlevamos a la convocatoria de la mesa paritaria nacional la postura de las provincias de Cuyo. Autonom\u00eda de las provincias y la necesidad de garantizar los fondos de Financiamiento Nacionales. Cuarto intermedio hasta el pr\u00f3ximo martes\u201d.<\/p>\n\n\n\n<p>Seg\u00fan fuentes presentes en la reuni\u00f3n, las autoridades del Gobierno confirmaron durante la mesa de trabajo la continuidad del Fondo Compensador pero ratificaron el fin del&nbsp;<strong>Fondo Nacional de Incentivo Docente (Fonid)<\/strong>, para reorientar esas partidas hacia \u201c<em>pol\u00edticas vinculadas con aprendizajes efectivos, como el Plan Nacional de Alfabetizaci\u00f3n y al sistema de informaci\u00f3n escolar<\/em>\u201c.<\/p>\n\n\n\n<p>\u201c<em>Para establecer el piso salarial, se pidi\u00f3 que las provincias hagan llegar su oferta para discutirla en la mesa. Se llam\u00f3 a un cuarto intermedio hasta el martes por la ma\u00f1ana<\/em>\u201c, se indic\u00f3.<\/p>\n\n\n\n<p>En tanto, la Uni\u00f3n Docentes Argentinos (UDA), la Asociaci\u00f3n del Magisterio de Ense\u00f1anza T\u00e9cnica (AMET), el Sindicato Argentino de Docentes Privados (Sadop) y la Confederaci\u00f3n de Educadores Argentinos (CEA) -nucleados en la Confederaci\u00f3n General del Trabajo (CGT)- cuestionaron el resultado de la reuni\u00f3n.<\/p>\n\n\n\n<p>\u201c<em>Luego de asistir este martes 27 de febrero a la reuni\u00f3n paritaria docente, informamos que ha sido golpeada seriamente nuestra buena fe y predisposici\u00f3n a la negociaci\u00f3n salarial por parte de un Gobierno insensato que aspira insensiblemente a burlar su responsabilidad (Ley N.\u201d 26075 y Ley N.\u00ba 26206) de garantizar el Financiamiento del Sistema Educativo Nacional<\/em>\u201c, reclamaron en un comunicado.<\/p>\n\n\n\n<p>Adem\u00e1s, reprocharon que en la reuni\u00f3n no recibieron \u201c<em>ninguna oferta nacional<\/em>\u201d y manifestaron que \u201c<em>el Gobierno nacional ha ocupado este tiempo para tomar actitudes absolutamente dilatorias y profundamente desatentas<\/em>\u201d con los docentes.<\/p>\n\n\n\n<p>En tanto, la\u00a0<strong>Confederaci\u00f3n de Trabajadores de la Educaci\u00f3n (Ctera)<\/strong>, que tambi\u00e9n particip\u00f3 de la reuni\u00f3n, realizar\u00e1 un plenario de secretarios generales de la organizaci\u00f3n para\u00a0<em>\u201cevaluar la situaci\u00f3n y darle continuidad al plan de lucha dispuesto\u201d<\/em>.<\/p>\n\n\n\n<p>En un comunicado, Ctera detall\u00f3 que en la reuni\u00f3n con el Gobierno nacional&nbsp;<em>\u201creclam\u00f3 por el env\u00edo de los fondos del Fonid, el Fondo Compensador de Desigualdades Salariales, para los programas educativos, y la urgencia de discutir un piso salarial a nivel nacional\u201d.<\/em><\/p>\n\n\n\n<p>Seg\u00fan datos de los gremios docentes, el piso nacional docente es de 250.000 pesos, mientras el promedio nacional del salario ronda los 350.000 pesos.<\/p>\n\n\n\n<p>FUENTE: Elsol.com.ar <\/p>\n","protected":false},"excerpt":{"rendered":"<p>La reuni\u00f3n entre las autoridades provinciales y los sindicatos pas\u00f3 a un cuarto intermedio, donde se discutir\u00e1n los salarios. La reuni\u00f3n entre las \u00e1reas de Trabajo y de Educaci\u00f3n, pertenecientes al Ministerio de Capital Humano, con los representantes de los cinco gremios docentes a nivel nacional y los ministros de Educaci\u00f3n de las provincias y [&hellip;]<\/p>\n","protected":false},"author":2,"featured_media":5703,"comment_status":"open","ping_status":"open","sticky":true,"template":"","format":"standard","meta":[],"categories":[47],"tags":[],"_links":{"self":[{"href":"https:\/\/pasaenmendoza.com\/index.php?rest_route=\/wp\/v2\/posts\/5700"}],"collection":[{"href":"https:\/\/pasaenmendoza.com\/index.php?rest_route=\/wp\/v2\/posts"}],"about":[{"href":"https:\/\/pasaenmendoza.com\/index.php?rest_route=\/wp\/v2\/types\/post"}],"author":[{"embeddable":true,"href":"https:\/\/pasaenmendoza.com\/index.php?rest_route=\/wp\/v2\/users\/2"}],"replies":[{"embeddable":true,"href":"https:\/\/pasaenmendoza.com\/index.php?rest_route=%2Fwp%2Fv2%2Fcomments&post=5700"}],"version-history":[{"count":1,"href":"https:\/\/pasaenmendoza.com\/index.php?rest_route=\/wp\/v2\/posts\/5700\/revisions"}],"predecessor-version":[{"id":5704,"href":"https:\/\/pasaenmendoza.com\/index.php?rest_route=\/wp\/v2\/posts\/5700\/revisions\/5704"}],"wp:featuredmedia":[{"embeddable":true,"href":"https:\/\/pasaenmendoza.com\/index.php?rest_route=\/wp\/v2\/media\/5703"}],"wp:attachment":[{"href":"https:\/\/pasaenmendoza.com\/index.php?rest_route=%2Fwp%2Fv2%2Fmedia&parent=5700"}],"wp:term":[{"taxonomy":"category","embeddable":true,"href":"https:\/\/pasaenmendoza.com\/index.php?rest_route=%2Fwp%2Fv2%2Fcategories&post=5700"},{"taxonomy":"post_tag","embeddable":true,"href":"https:\/\/pasaenmendoza.com\/index.php?rest_route=%2Fwp%2Fv2%2Ftags&post=5700"}],"curies":[{"name":"wp","href":"https:\/\/api.w.org\/{rel}","templated":true}]}}