{"id":5705,"date":"2024-02-28T13:41:57","date_gmt":"2024-02-28T12:41:57","guid":{"rendered":"https:\/\/pasaenmendoza.com\/?p=5705"},"modified":"2024-02-28T13:41:59","modified_gmt":"2024-02-28T12:41:59","slug":"la-visita-del-ministro-cuneo-libarona-obligo-a-cambiar-el-horario-del-juicio-a-walter-bento","status":"publish","type":"post","link":"https:\/\/pasaenmendoza.com\/?p=5705","title":{"rendered":"La visita del ministro C\u00faneo Libarona oblig\u00f3 a cambiar el horario del juicio a Walter Bento"},"content":{"rendered":"\n<p>La visita de Mariano C\u00faneo Libarona a la Justicia Federal, programada para este mi\u00e9rcoles, oblig\u00f3 a diferir para las 11.45 el reinicio del debate, que habitualmente comienza a las 9<\/p>\n\n\n\n<p><strong>Mariano C\u00faneo Libarona<\/strong>, abogado penalista y\u00a0<strong>ministro de Justicia de la Naci\u00f3n<\/strong>, se reunir\u00e1 este mi\u00e9rcoles en Mendoza con la c\u00fapula de la\u00a0<strong>Justicia Federal<\/strong>\u00a0y con magistrados federales de primera instancia de Mendoza, San Juan y San Rafael. Su presencia oblig\u00f3 a\u00a0<strong>diferir a las 11.45 el reinicio del debate contra el ex juez Walter Bento<\/strong>, quien fue su cliente entre 2021 y fines de 2023, cuando se convirti\u00f3 en funcionario de Javier Milei.<\/p>\n\n\n\n<p>Ser\u00e1 en la Secretar\u00eda Electoral, en el cuarto piso del Correo,\u00a0<strong>y no en los Tribunales Federales<\/strong>, donde habitualmente se realizan este tipo de encuentros, porque all\u00ed se desarrollar\u00e1 la tercera audiencia semanal del megajuicio al\u00a0ex juez Bento.<\/p>\n\n\n\n<p>M\u00e1s all\u00e1 del tono protocolar, el ministro se pondr\u00e1 al tanto de cuestiones que inquietan a la Justicia Federal de Mendoza. Entre otras, la&nbsp;<strong>demora del proceso de designaci\u00f3n de los tres magistrados para cubrir otras tantas vacantes en la C\u00e1mara Federal de Apelaciones<\/strong>&nbsp;que dejaron Olga Arrabal en 2020 y Juan Antonio Gonz\u00e1lez Mac\u00edas en 2018 por jubilaci\u00f3n y Alfredo Porras por fallecimiento en 2022.<\/p>\n\n\n\n<p><strong>El concurso 409 del Consejo de la Magistratura qued\u00f3 frenado en las comisiones del Senado y a\u00fan no hay postulantes para suceder a Gonz\u00e1lez Mac\u00eda y Arrabal. Por el cargo de Porras ni siquiera se ha llamado a concurso p\u00fablico.<\/strong><\/p>\n\n\n\n<p>La\u00a0<strong>Justicia Federal de Mendoza<\/strong>\u00a0recibir\u00e1 a C\u00faneo Libarona con la novedad de la reactivaci\u00f3n de la causa penal por desaparici\u00f3n forzosa de personas que desde 1990 tiene como v\u00edctimas a\u00a0<strong>Ra\u00fal Garrido y Adolfo Baigorria<\/strong>.<\/p>\n\n\n\n<p>Que 21 personas, entre ellas los\u00a0<strong>ex jueces Enrique Knoll y Adelmo Arg\u00fcello y 19 polic\u00edas retirados<\/strong>, hayan sido imputadas y casi todas detenidas interesa al Estado nacional argentino, al que la Corte Interamericana de Derechos Humanos conden\u00f3, a fines de los \u00b490, a pagarles a las v\u00edctimas y a\u00a0<strong>investigar hasta dar con los responsables de la desaparici\u00f3n a manos de la Polic\u00eda<\/strong>.<\/p>\n\n\n\n<h2 class=\"wp-block-heading\">C\u00faneo Libarona, tambi\u00e9n con Alfredo Cornejo<\/h2>\n\n\n\n<p>El mi\u00e9rcoles, C\u00faneo tambi\u00e9n se reunir\u00e1 con el gobernador&nbsp;<strong>Alfredo Cornejo<\/strong>. Hablar\u00e1n de las&nbsp;<strong>modificaciones al sistema procesal penal&nbsp;<\/strong>mendocino en los \u00faltimos a\u00f1os, del funcionamiento del Polo Judicial -har\u00edan una visita al predio situado detr\u00e1s de la c\u00e1rcel de Boulogne Sur Mer- y de las modificaciones legislativas por los delitos en grado de tentativa y por el robo de elementos de trabajo.<\/p>\n\n\n\n<p><strong>El jueves, a primera hora de la ma\u00f1ana, participar\u00e1 junto al titular de la C\u00e1mara de Diputados de la Naci\u00f3n, Mart\u00edn Menem, del Desayuno Real que el Grupo Cooperativa organiz\u00f3 en el Museo Fader.<\/strong><\/p>\n\n\n\n<p>C\u00faneo y Menem vienen a Mendoza en medio de la&nbsp;<strong>fuerte tensi\u00f3n entre el Gobierno nacional y las provincias por los fondos coparticipables&nbsp;<\/strong>-que incluy\u00f3 la avanzada del chubutense&nbsp;<strong>Ignacio Torres<\/strong>&nbsp;y la mesura de Alfredo Cornejo-.<\/p>\n\n\n\n<p>C\u00faneo ha sido invitado al&nbsp;<strong>Encuentro Nacional de Mujeres Juezas de la Rep\u00fablica Argentina<\/strong>, que se har\u00e1 en Mendoza el jueves y viernes, pero su presencia no est\u00e1 asegurada.<\/p>\n\n\n\n<p>Ya el fin de semana, en plenos festejos vendimiales, se espera la presencia de la vicepresidenta de la Naci\u00f3n,\u00a0<strong>Victoria Villarruel<\/strong>, y del ministro del Interior,\u00a0<strong>Guillermo Francos<\/strong>, uno de los negociadores de la gesti\u00f3n Milei con los estados provinciales.<\/p>\n\n\n\n<p>FUENTE: Diariouno.com.ar <\/p>\n","protected":false},"excerpt":{"rendered":"<p>La visita de Mariano C\u00faneo Libarona a la Justicia Federal, programada para este mi\u00e9rcoles, oblig\u00f3 a diferir para las 11.45 el reinicio del debate, que habitualmente comienza a las 9 Mariano C\u00faneo Libarona, abogado penalista y\u00a0ministro de Justicia de la Naci\u00f3n, se reunir\u00e1 este mi\u00e9rcoles en Mendoza con la c\u00fapula de la\u00a0Justicia Federal\u00a0y con magistrados [&hellip;]<\/p>\n","protected":false},"author":2,"featured_media":5709,"comment_status":"open","ping_status":"open","sticky":true,"template":"","format":"standard","meta":[],"categories":[47],"tags":[],"_links":{"self":[{"href":"https:\/\/pasaenmendoza.com\/index.php?rest_route=\/wp\/v2\/posts\/5705"}],"collection":[{"href":"https:\/\/pasaenmendoza.com\/index.php?rest_route=\/wp\/v2\/posts"}],"about":[{"href":"https:\/\/pasaenmendoza.com\/index.php?rest_route=\/wp\/v2\/types\/post"}],"author":[{"embeddable":true,"href":"https:\/\/pasaenmendoza.com\/index.php?rest_route=\/wp\/v2\/users\/2"}],"replies":[{"embeddable":true,"href":"https:\/\/pasaenmendoza.com\/index.php?rest_route=%2Fwp%2Fv2%2Fcomments&post=5705"}],"version-history":[{"count":1,"href":"https:\/\/pasaenmendoza.com\/index.php?rest_route=\/wp\/v2\/posts\/5705\/revisions"}],"predecessor-version":[{"id":5710,"href":"https:\/\/pasaenmendoza.com\/index.php?rest_route=\/wp\/v2\/posts\/5705\/revisions\/5710"}],"wp:featuredmedia":[{"embeddable":true,"href":"https:\/\/pasaenmendoza.com\/index.php?rest_route=\/wp\/v2\/media\/5709"}],"wp:attachment":[{"href":"https:\/\/pasaenmendoza.com\/index.php?rest_route=%2Fwp%2Fv2%2Fmedia&parent=5705"}],"wp:term":[{"taxonomy":"category","embeddable":true,"href":"https:\/\/pasaenmendoza.com\/index.php?rest_route=%2Fwp%2Fv2%2Fcategories&post=5705"},{"taxonomy":"post_tag","embeddable":true,"href":"https:\/\/pasaenmendoza.com\/index.php?rest_route=%2Fwp%2Fv2%2Ftags&post=5705"}],"curies":[{"name":"wp","href":"https:\/\/api.w.org\/{rel}","templated":true}]}}