{"id":5707,"date":"2024-02-28T13:49:42","date_gmt":"2024-02-28T12:49:42","guid":{"rendered":"https:\/\/pasaenmendoza.com\/?p=5707"},"modified":"2024-02-28T13:49:43","modified_gmt":"2024-02-28T12:49:43","slug":"vitivinicolas-se-sientan-a-discutir-los-sueldos-un-dia-antes-de-la-fiesta-de-la-vendimia","status":"publish","type":"post","link":"https:\/\/pasaenmendoza.com\/?p=5707","title":{"rendered":"Vitivin\u00edcolas se sientan a discutir los sueldos un d\u00eda antes de la Fiesta de la Vendimia"},"content":{"rendered":"\n<p><strong>Trabajadores vi\u00f1ateros y empresarios bodegueros<\/strong>\u00a0ya tienen fecha y hora para sentarse formalmente en la Subsecretar\u00eda de Trabajo para discutir en\u00a0<strong>paritarias\u00a0<\/strong>los aumentos de sueldo. La citaci\u00f3n lleg\u00f3 justo para un d\u00eda antes del Carrusel y el acto central de la\u00a0<strong>Fiesta de la Vendimia<\/strong>, donde los contratistas anticipan que protestar\u00e1n si no se cumplen las expectativas.<\/p>\n\n\n\n<p>En la\u00a0<strong>resoluci\u00f3n N\u00ba 620<\/strong>\u00a0publicada este martes en el Bole<\/p>\n\n\n\n<p>t\u00edn Oficial figura la convocatoria oficial a paritarias, a pedido del\u00a0<strong>Sindicato \u00danico de Trabajadores Contratistas de Vi\u00f1as y Frutales de Mendoza<\/strong>.<\/p>\n\n\n\n<p>El Gobierno record\u00f3 que en las actas de paritarias anteriores no se previ\u00f3 una cl\u00e1usula de revisi\u00f3n, a pesar de que el gremio lo pidi\u00f3, y es por ello que, ante la delicada situaci\u00f3n econ\u00f3mica, la llegada de la cosecha y el avance de la inflaci\u00f3n, ve necesaria la conformaci\u00f3n de una nueva comisi\u00f3n negociadora para definir las &#8220;<strong>condiciones de trabajo y salarios del ciclo agr\u00edcola 2023\/2024, para los meses venideros&#8221;<\/strong>.<\/p>\n\n\n\n<h2 class=\"wp-block-heading\">El pedido de los vi\u00f1ateros y la oferta de los empresarios<\/h2>\n\n\n\n<p>&#8220;<strong>Un obrero de vi\u00f1a cobra $181.773<\/strong>&nbsp;y de bodega $187.888, por debajo de la l\u00ednea de&nbsp;<strong>indigencia<\/strong>&nbsp;medida en diciembre en $199.609 por la DEIE&#8221;, grafic\u00f3&nbsp;<strong>Lautaro Jim\u00e9nez (FIT)<\/strong>, excandidato a gobernador de Mendoza.<\/p>\n\n\n\n<p><strong>&#8220;Exigen que las paritarias lleven el m\u00ednimo a $500.000&#8221;<\/strong>, inform\u00f3 acompa\u00f1ando el reclamo de los vi\u00f1ateros.<\/p>\n\n\n\n<p>Los trabajadores vitivin\u00edcolas autoconvocados informaron que\u00a0<strong>el pedido es que en marzo los salarios no bajen de $540.000<\/strong>. &#8220;Si lo que quieren es tener esclavos, no cuenten con los trabajadores vitivin\u00edcolas. Basta de sueldos de hambre&#8221;, anunciaron a la prensa.<\/p>\n\n\n\n<p>En tanto que productores del este aseguraron que\u00a0<strong>la oferta que manejan los empresarios es uniforme y ronda el 60% en tres cuotas: 20% para marzo, 15% para abril y otro 15% para mayo<\/strong>\u00a0sobre un sueldo inicial de febrero de $187.000.<\/p>\n\n\n\n<p>Como medidas de fuerza si las propuestas no son satisfactorias, desde la Asociaci\u00f3n de Vi\u00f1ateros ya advirtieron que&nbsp;<strong>se manifestar\u00e1n en los actos vendimiales, como el Carrusel y la Fiesta de la Vendimia del s\u00e1bado por la noche<\/strong>.<\/p>\n\n\n\n<p>&#8220;Llamen a&nbsp;<strong>paro activo por 72 horas<\/strong>&#8220;, pidieron con m\u00e1s dureza los autoconvocados.<\/p>\n\n\n\n<h2 class=\"wp-block-heading\">La convocatoria oficial a paritarias<\/h2>\n\n\n\n<p>En representaci\u00f3n de los trabajadores, el Gobierno de Mendoza cit\u00f3 al&nbsp;<strong>Sindicato \u00danico de Trabajadores Contratistas de Vi\u00f1as y Frutales de Mendoza<\/strong>; en tanto que tambi\u00e9n convoc\u00f3 a la&nbsp;<strong>Asociaci\u00f3n de Vi\u00f1ateros de Mendoza, el Centro de Vi\u00f1ateros y Bodegueros del Este, la Asociaci\u00f3n de Cooperativas Vitivin\u00edcolas- Acovi, la Uni\u00f3n Vitivin\u00edcola Argentina, Bodegas de Argentina y la C\u00e1mara de Comercio, Industria y Agropecuaria de San Rafael<\/strong>.<\/p>\n\n\n\n<p>Fij\u00f3 como fecha de continuaci\u00f3n de las deliberaciones el\u00a0<strong>viernes 1 de marzo a las 12<\/strong>, v\u00eda remota.<\/p>\n\n\n\n<p><strong>Fuente: www.diariouno.com.ar<\/strong><\/p>\n","protected":false},"excerpt":{"rendered":"<p>Trabajadores vi\u00f1ateros y empresarios bodegueros\u00a0ya tienen fecha y hora para sentarse formalmente en la Subsecretar\u00eda de Trabajo para discutir en\u00a0paritarias\u00a0los aumentos de sueldo. La citaci\u00f3n lleg\u00f3 justo para un d\u00eda antes del Carrusel y el acto central de la\u00a0Fiesta de la Vendimia, donde los contratistas anticipan que protestar\u00e1n si no se cumplen las expectativas. En [&hellip;]<\/p>\n","protected":false},"author":2,"featured_media":5708,"comment_status":"open","ping_status":"open","sticky":false,"template":"","format":"standard","meta":[],"categories":[55],"tags":[],"_links":{"self":[{"href":"https:\/\/pasaenmendoza.com\/index.php?rest_route=\/wp\/v2\/posts\/5707"}],"collection":[{"href":"https:\/\/pasaenmendoza.com\/index.php?rest_route=\/wp\/v2\/posts"}],"about":[{"href":"https:\/\/pasaenmendoza.com\/index.php?rest_route=\/wp\/v2\/types\/post"}],"author":[{"embeddable":true,"href":"https:\/\/pasaenmendoza.com\/index.php?rest_route=\/wp\/v2\/users\/2"}],"replies":[{"embeddable":true,"href":"https:\/\/pasaenmendoza.com\/index.php?rest_route=%2Fwp%2Fv2%2Fcomments&post=5707"}],"version-history":[{"count":1,"href":"https:\/\/pasaenmendoza.com\/index.php?rest_route=\/wp\/v2\/posts\/5707\/revisions"}],"predecessor-version":[{"id":5714,"href":"https:\/\/pasaenmendoza.com\/index.php?rest_route=\/wp\/v2\/posts\/5707\/revisions\/5714"}],"wp:featuredmedia":[{"embeddable":true,"href":"https:\/\/pasaenmendoza.com\/index.php?rest_route=\/wp\/v2\/media\/5708"}],"wp:attachment":[{"href":"https:\/\/pasaenmendoza.com\/index.php?rest_route=%2Fwp%2Fv2%2Fmedia&parent=5707"}],"wp:term":[{"taxonomy":"category","embeddable":true,"href":"https:\/\/pasaenmendoza.com\/index.php?rest_route=%2Fwp%2Fv2%2Fcategories&post=5707"},{"taxonomy":"post_tag","embeddable":true,"href":"https:\/\/pasaenmendoza.com\/index.php?rest_route=%2Fwp%2Fv2%2Ftags&post=5707"}],"curies":[{"name":"wp","href":"https:\/\/api.w.org\/{rel}","templated":true}]}}