{"id":5713,"date":"2024-02-28T13:54:14","date_gmt":"2024-02-28T12:54:14","guid":{"rendered":"https:\/\/pasaenmendoza.com\/?p=5713"},"modified":"2024-02-28T13:54:15","modified_gmt":"2024-02-28T12:54:15","slug":"un-hombre-trabajaba-en-un-barrio-privado-de-las-heras-y-lo-aplasto-una-grua","status":"publish","type":"post","link":"https:\/\/pasaenmendoza.com\/?p=5713","title":{"rendered":"Un hombre trabajaba en un barrio privado de Las Heras y lo aplast\u00f3 una gr\u00faa"},"content":{"rendered":"\n<p>\u00a0En la ma\u00f1ana de este martes 27 de febrero,\u00a0<strong>un tr\u00e1gico accidente laboral sacudi\u00f3 al barrio La Bastilla de Las Heras<\/strong>, dejando como resultado la muerte de\u00a0<strong>Gustavo Exequiel Carmona, un joven de 28 a\u00f1os<\/strong>.<\/p>\n\n\n\n<p>Seg\u00fan los informes proporcionados por la Comisar\u00eda 43\u00b0 de Las Heras, varios llamados al 911 alertaron sobre&nbsp;<strong>un obrero que hab\u00eda sufrido un accidente por aplastamiento de una maquinaria<\/strong>, quedando inconsciente y con abundante p\u00e9rdida de sangre en altura. La situaci\u00f3n requer\u00eda la intervenci\u00f3n inmediata de Bomberos y una ambulancia.<\/p>\n\n\n\n<p><strong>El accidente ocurri\u00f3 mientras Carmona sub\u00eda a la gr\u00faa pluma, escalando por la torre central de la m\u00e1quina con un arn\u00e9s colocado.<\/strong>\u00a0En ese momento, el brazo de la maquinaria transportaba columnas en altura, pero debido a la incapacidad de soportar el peso, una polea que un\u00eda la torre central con el brazo se cort\u00f3, provocando que el brazo de la gr\u00faa se desplomara hacia la torre central, donde se encontraba el obrero, aplast\u00e1ndolo.<\/p>\n\n\n\n<p>Cuando el personal policial lleg\u00f3 al lugar, la ambulancia ya se hab\u00eda retirado, y lamentablemente, al subir por una escalera, constataron el fallecimiento de Carmona. Se desplazaron al sitio equipos de la Polic\u00eda Cient\u00edfica y el Grupo TEN, junto con Bomberos, para recuperar el cuerpo que se encontraba a unos 20 metros de altura.<\/p>\n\n\n\n<p>La Oficina Fiscal N\u00b0 5 ha tomado intervenci\u00f3n en el caso para llevar a cabo las investigaciones pertinentes sobre este tr\u00e1gico incidente laboral que ha cobrado la vida de un joven trabajador.<\/p>\n\n\n\n<p><strong>Fuente: www.mendozapost.com<\/strong><\/p>\n","protected":false},"excerpt":{"rendered":"<p>\u00a0En la ma\u00f1ana de este martes 27 de febrero,\u00a0un tr\u00e1gico accidente laboral sacudi\u00f3 al barrio La Bastilla de Las Heras, dejando como resultado la muerte de\u00a0Gustavo Exequiel Carmona, un joven de 28 a\u00f1os. Seg\u00fan los informes proporcionados por la Comisar\u00eda 43\u00b0 de Las Heras, varios llamados al 911 alertaron sobre&nbsp;un obrero que hab\u00eda sufrido un [&hellip;]<\/p>\n","protected":false},"author":2,"featured_media":5715,"comment_status":"open","ping_status":"open","sticky":false,"template":"","format":"standard","meta":[],"categories":[48],"tags":[],"_links":{"self":[{"href":"https:\/\/pasaenmendoza.com\/index.php?rest_route=\/wp\/v2\/posts\/5713"}],"collection":[{"href":"https:\/\/pasaenmendoza.com\/index.php?rest_route=\/wp\/v2\/posts"}],"about":[{"href":"https:\/\/pasaenmendoza.com\/index.php?rest_route=\/wp\/v2\/types\/post"}],"author":[{"embeddable":true,"href":"https:\/\/pasaenmendoza.com\/index.php?rest_route=\/wp\/v2\/users\/2"}],"replies":[{"embeddable":true,"href":"https:\/\/pasaenmendoza.com\/index.php?rest_route=%2Fwp%2Fv2%2Fcomments&post=5713"}],"version-history":[{"count":1,"href":"https:\/\/pasaenmendoza.com\/index.php?rest_route=\/wp\/v2\/posts\/5713\/revisions"}],"predecessor-version":[{"id":5716,"href":"https:\/\/pasaenmendoza.com\/index.php?rest_route=\/wp\/v2\/posts\/5713\/revisions\/5716"}],"wp:featuredmedia":[{"embeddable":true,"href":"https:\/\/pasaenmendoza.com\/index.php?rest_route=\/wp\/v2\/media\/5715"}],"wp:attachment":[{"href":"https:\/\/pasaenmendoza.com\/index.php?rest_route=%2Fwp%2Fv2%2Fmedia&parent=5713"}],"wp:term":[{"taxonomy":"category","embeddable":true,"href":"https:\/\/pasaenmendoza.com\/index.php?rest_route=%2Fwp%2Fv2%2Fcategories&post=5713"},{"taxonomy":"post_tag","embeddable":true,"href":"https:\/\/pasaenmendoza.com\/index.php?rest_route=%2Fwp%2Fv2%2Ftags&post=5713"}],"curies":[{"name":"wp","href":"https:\/\/api.w.org\/{rel}","templated":true}]}}