{"id":5717,"date":"2024-02-28T14:16:48","date_gmt":"2024-02-28T13:16:48","guid":{"rendered":"https:\/\/pasaenmendoza.com\/?p=5717"},"modified":"2024-02-28T14:16:50","modified_gmt":"2024-02-28T13:16:50","slug":"quien-es-el-agricultor-que-lucha-por-su-vida-despues-de-un-dramatico-asalto","status":"publish","type":"post","link":"https:\/\/pasaenmendoza.com\/?p=5717","title":{"rendered":"Qui\u00e9n es el agricultor que lucha por su vida despu\u00e9s de un dram\u00e1tico asalto"},"content":{"rendered":"\n<p><strong>Jos\u00e9 Fernando Vidigh&nbsp;<\/strong>tiene 55 a\u00f1os, es padre de dos hijos y es un conocido&nbsp;<strong>empresario agricultor<\/strong>&nbsp;de<strong>&nbsp;Los Corralitos<\/strong>. Durante el mediod\u00eda de este martes qued\u00f3 gravemente herido al intentar evitar el robo de su camioneta en las inmediaciones del&nbsp;<strong>Mercado Cooperativo de Guaymall\u00e9n<\/strong>.<\/p>\n\n\n\n<p>Luego de que los malvivientes se apoderaron del rodado, el hombre se colg\u00f3 de una ventanilla, fue arrastrado algunos metros y sufri\u00f3 una dura ca\u00edda, al parecer tirado por los delincuentes, golpe\u00e1ndose la cabeza contra el asfalto.<\/p>\n\n\n\n<p>En las \u00faltimas horas, un parte m\u00e9dico que trascendi\u00f3 desde el\u00a0<strong>Hospital Central<\/strong>, donde qued\u00f3 internado, detall\u00f3 su delicado estado:\u00a0<mark>presentaba<strong>\u00a0fractura de cr\u00e1neo y sangrado cerebral<\/strong>, por lo que fue intubado y debi\u00f3 pasar al\u00a0<strong>Quir\u00f3fano\u00a0<\/strong>para ser intervenido<\/mark>.<\/p>\n\n\n\n<p>La informaci\u00f3n dej\u00f3 en claro que el cuadro de\u00a0<strong>Vidigh\u00a0<\/strong>es cr\u00edtico y estaba luchando por su vida despu\u00e9s del hecho de inseguridad del que fue v\u00edctima en el distrito guaymallino de\u00a0<strong>Belgrano<\/strong>, el cual fue registrado por una c\u00e1mara de seguridad.<\/p>\n\n\n\n<p>Por su parte,&nbsp;<mark>la<strong>&nbsp;Toyota Hilux<\/strong>&nbsp;blanca sustra\u00edda fue hallada momentos m\u00e1s tarde en estado de abandono<\/mark>&nbsp;en el cruce de<strong>&nbsp;calles Carlos Pellegrini y Fray Justo Santa Mar\u00eda de Oro<\/strong>, en&nbsp;<strong>San Jos\u00e9<\/strong>.<\/p>\n\n\n\n<p>En ese lugar trabaj\u00f3 personal de la&nbsp;<strong>Polic\u00eda Cient\u00edfica<\/strong>&nbsp;para levantar rastros que podr\u00edan ayudar a identificar a los autores del dram\u00e1tico asalto.<\/p>\n\n\n\n<p>Asimismo, los detectives del caso solicitaron las im\u00e1genes de c\u00e1maras de seguridad de ese sector para determinar el recorrido que hicieron los ladrones y as\u00ed como la zona hacia la que se dieron a la fuga luego de descartar el veh\u00edculo.<\/p>\n\n\n\n<p>La causa qued\u00f3 a cargo de la\u00a0<strong>fiscal de Homicidios Andrea Lazo<\/strong>, quien lider\u00f3 las primeras tareas para avanzar en la investigaci\u00f3n.<\/p>\n\n\n\n<p><strong>A plena luz del d\u00eda<\/strong><\/p>\n\n\n\n<p>Eran cerca de las 12.40 cuando polic\u00edas fueron desplazados hasta el cruce de&nbsp;<strong>calles Gomensoro y Sarmiento<\/strong>, a ra\u00edz del robo de una camioneta que result\u00f3 con el propietario herido.<\/p>\n\n\n\n<p>Los primeros uniformados que llegaron a la escena entrevistaron a testigos y\u00a0<mark>supieron que la v\u00edctima se fren\u00f3 en esa intersecci\u00f3n para comprar en un quiosco, estacion\u00f3 su camioneta y la dej\u00f3 en marcha<\/mark>.<\/p>\n\n\n\n<p>Al descender, maleantes que se movilizaban&nbsp;<strong>en una moto<\/strong>&nbsp;llegaron hasta el lugar y uno de ellos se apoder\u00f3 de la camioneta de&nbsp;<strong>Vidigh<\/strong>. El trabajador advirti\u00f3 la situaci\u00f3n y trat\u00f3 de evitar el accionar del delincuente.<\/p>\n\n\n\n<p>El hombre se sostuvo de la ventanilla del lado del conductor, pero e<mark>l delincuente aceler\u00f3 porque la Hilux se encontraba en marcha y lo arrastr\u00f3 dos cuadras hasta que ya no soport\u00f3 y cay\u00f3 al asfalto<\/mark>.<\/p>\n\n\n\n<p>Debido a eso, el agricultor qued\u00f3 tendido en el piso, con abundante sangrado en su cabeza. Al cabo de algunos minutos, fue trasladado en ambulancia al citado centro asistencial de\u00a0<strong>Capital<\/strong>, donde permanec\u00eda internado en estado cr\u00edtico.<\/p>\n\n\n\n<p><strong>Fuente: www.elsol.com.ar<\/strong><\/p>\n","protected":false},"excerpt":{"rendered":"<p>Jos\u00e9 Fernando Vidigh&nbsp;tiene 55 a\u00f1os, es padre de dos hijos y es un conocido&nbsp;empresario agricultor&nbsp;de&nbsp;Los Corralitos. Durante el mediod\u00eda de este martes qued\u00f3 gravemente herido al intentar evitar el robo de su camioneta en las inmediaciones del&nbsp;Mercado Cooperativo de Guaymall\u00e9n. Luego de que los malvivientes se apoderaron del rodado, el hombre se colg\u00f3 de una [&hellip;]<\/p>\n","protected":false},"author":2,"featured_media":5719,"comment_status":"open","ping_status":"open","sticky":false,"template":"","format":"standard","meta":[],"categories":[48],"tags":[],"_links":{"self":[{"href":"https:\/\/pasaenmendoza.com\/index.php?rest_route=\/wp\/v2\/posts\/5717"}],"collection":[{"href":"https:\/\/pasaenmendoza.com\/index.php?rest_route=\/wp\/v2\/posts"}],"about":[{"href":"https:\/\/pasaenmendoza.com\/index.php?rest_route=\/wp\/v2\/types\/post"}],"author":[{"embeddable":true,"href":"https:\/\/pasaenmendoza.com\/index.php?rest_route=\/wp\/v2\/users\/2"}],"replies":[{"embeddable":true,"href":"https:\/\/pasaenmendoza.com\/index.php?rest_route=%2Fwp%2Fv2%2Fcomments&post=5717"}],"version-history":[{"count":1,"href":"https:\/\/pasaenmendoza.com\/index.php?rest_route=\/wp\/v2\/posts\/5717\/revisions"}],"predecessor-version":[{"id":5720,"href":"https:\/\/pasaenmendoza.com\/index.php?rest_route=\/wp\/v2\/posts\/5717\/revisions\/5720"}],"wp:featuredmedia":[{"embeddable":true,"href":"https:\/\/pasaenmendoza.com\/index.php?rest_route=\/wp\/v2\/media\/5719"}],"wp:attachment":[{"href":"https:\/\/pasaenmendoza.com\/index.php?rest_route=%2Fwp%2Fv2%2Fmedia&parent=5717"}],"wp:term":[{"taxonomy":"category","embeddable":true,"href":"https:\/\/pasaenmendoza.com\/index.php?rest_route=%2Fwp%2Fv2%2Fcategories&post=5717"},{"taxonomy":"post_tag","embeddable":true,"href":"https:\/\/pasaenmendoza.com\/index.php?rest_route=%2Fwp%2Fv2%2Ftags&post=5717"}],"curies":[{"name":"wp","href":"https:\/\/api.w.org\/{rel}","templated":true}]}}