{"id":5723,"date":"2024-02-28T14:38:35","date_gmt":"2024-02-28T13:38:35","guid":{"rendered":"https:\/\/pasaenmendoza.com\/?p=5723"},"modified":"2024-02-28T14:38:36","modified_gmt":"2024-02-28T13:38:36","slug":"milei-anuncio-que-dara-de-baja-el-potenciar-trabajo-y-en-mendoza-son-20-000-los-beneficiarios","status":"publish","type":"post","link":"https:\/\/pasaenmendoza.com\/?p=5723","title":{"rendered":"Milei anunci\u00f3 que dar\u00e1 de baja el Potenciar Trabajo y en Mendoza son 20.000 los beneficiarios"},"content":{"rendered":"\n<p><strong>El gobierno de Javier Milei elimin\u00f3 el programa\u00a0Potenciar Trabajo\u00a0y establecer\u00e1 dos nuevos planes\u00a0<\/strong>para continuar con la asistencia brindada<strong>,<\/strong>\u00a0pero\u00a0<strong>sin intermediarios<\/strong>, como los movimientos sociales y municipios, que actualmente representan una inversi\u00f3n de aproximadamente<strong>\u00a034 millones de d\u00f3lares anuales<\/strong>. En Mendoza, unos 20.000 mendocinos reciben este plan.<\/p>\n\n\n\n<p>La medida fue confirmada a trav\u00e9s de un decreto publicado este martes en el Bolet\u00edn Oficial, firmado por el Presidente y la ministra de Capital Humano, Sandra Pettovello. Sin embargo, los detalles se revelar\u00e1n en una resoluci\u00f3n que ser\u00e1 emitida en los pr\u00f3ximos d\u00edas.<\/p>\n\n\n\n<p>Seg\u00fan un relevamiento realizado por el Ministerio dirigido por Pettovello,<strong>\u00a0solo el 1,3% de las aproximadamente 1,4 millones de personas registradas en el Potenciar Trabajo logran conseguir empleo.<\/strong>\u00a0La mayor\u00eda de los beneficiarios abandonan el programa debido a incompatibilidades, como viajes al exterior o tener un salario registrado, o por jubilaci\u00f3n o fallecimiento.<\/p>\n\n\n\n<p>En este contexto, los nuevos funcionarios han decidido eliminar el Potenciar Trabajo y reemplazarlo por&nbsp;<strong>dos nuevos planes<\/strong>. Uno de ellos se denominar\u00e1&nbsp;<strong>Volver al Trabajo<\/strong>&nbsp;y estar\u00e1 a cargo de la Secretar\u00eda de Trabajo, Empleo y Seguridad Social, dirigida por Omar Yasin. El otro plan, llamado<strong>&nbsp;Acompa\u00f1amiento Social<\/strong>, ser\u00e1 gestionado por la Secretar\u00eda de Ni\u00f1ez y Familia, liderada por Pablo de la Torre.<\/p>\n\n\n\n<p><strong>La idea es segmentar a los beneficiarios actuales del Potenciar Trabajo en dos categor\u00edas<\/strong>: aquellos con mayores posibilidades de conseguir empleo a corto plazo y aquellos en situaci\u00f3n m\u00e1s complicada.<\/p>\n\n\n\n<p><strong>El primer grupo<\/strong>, que consta de aproximadamente un mill\u00f3n de personas que cumplen ciertos requisitos b\u00e1sicos de edad y formaci\u00f3n,\u00a0<strong>ser\u00e1 trasladado al programa Volver al Trabajo<\/strong>. Estos beneficiarios podr\u00e1n cobrar hasta tres salarios m\u00ednimos sin que esto sea incompatible con la asistencia estatal, y se les ofrecer\u00e1 la posibilidad de recibir la ayuda durante un m\u00e1ximo de dos a\u00f1os. Adem\u00e1s, ya\u00a0<strong>no ser\u00e1 obligatorio que realicen tareas espec\u00edficas<\/strong>, como limpieza de espacios p\u00fablicos, sino que\u00a0<strong>se les solicitar\u00e1 que completen cursos de capacitaci\u00f3n, con un enfoque particular en la formaci\u00f3n.<\/strong><\/p>\n\n\n\n<p>Por otro lado, las<strong>&nbsp;400 mil personas restantes del Potenciar Trabajo recibir\u00e1n una ayuda mensual de la Secretar\u00eda de Ni\u00f1ez y Familia hasta que consigan un empleo<\/strong>, ya sea en el sector p\u00fablico o privado.<\/p>\n\n\n\n<p>Este nuevo enfoque tiene como objetivo proporcionar&nbsp;<strong>una asistencia temporal a aquellos individuos en situaciones m\u00e1s vulnerables, como personas mayores de 50 a\u00f1os, madres con m\u00e1s de cuatro hijos y adultos mayores&nbsp;<\/strong>que enfrentan desaf\u00edos relacionados con la salud, la soledad y la seguridad financiera.<\/p>\n\n\n\n<p>Adem\u00e1s de la asistencia monetaria,\u00a0<strong>se brindar\u00e1 ayuda alimentaria<\/strong>\u00a0para garantizar la nutrici\u00f3n adecuada, con la intenci\u00f3n de que sea distribuida directamente\u00a0<strong>sin intermediarios para reducir los costos del programa.<\/strong><\/p>\n\n\n\n<h2 class=\"wp-block-heading\"><strong>El Potenciar Trabajo en Mendoza<\/strong><\/h2>\n\n\n\n<p>La investigaci\u00f3n que llev\u00f3 adelante la<strong>&nbsp;Justicia Federal por los planes Potenciar Trabajo detect\u00f3 que cerca de 100 beneficiarios ten\u00edan cargos en el Estado de Mendoza<\/strong>.<\/p>\n\n\n\n<p>La lista, que inclu\u00eda nombres y apellidos, fue publicada en el Bolet\u00edn Oficial junto con el comunicado del \u00e1rea de Capital Humano, que especificaba la suspensi\u00f3n temporal de su participaci\u00f3n en el programa. A nivel nacional, el total de beneficiarios afectados ascendi\u00f3 a 4.566.<\/p>\n\n\n\n<p>Seg\u00fan la informaci\u00f3n oficial proporcionada, estas personas estaban trabajando en el Ministerio de Gobierno y Trabajo de la provincia.<\/p>\n\n\n\n<p>El<strong>\u00a0Estado mendocino fue intermediario de unos 3.400 planes\u00a0<\/strong>durante los \u00faltimos a\u00f1os, mientras que se cree que las\u00a0<strong>organizaciones sociales<\/strong>\u00a0fueron nexo para unos 17.000. En total, unas 20.000 personas perder\u00e1n este salario que ascend\u00eda a unos $78.000 por mes.<\/p>\n\n\n\n<p><strong>Fuente: www.diariouno.com.ar<\/strong><\/p>\n","protected":false},"excerpt":{"rendered":"<p>El gobierno de Javier Milei elimin\u00f3 el programa\u00a0Potenciar Trabajo\u00a0y establecer\u00e1 dos nuevos planes\u00a0para continuar con la asistencia brindada,\u00a0pero\u00a0sin intermediarios, como los movimientos sociales y municipios, que actualmente representan una inversi\u00f3n de aproximadamente\u00a034 millones de d\u00f3lares anuales. En Mendoza, unos 20.000 mendocinos reciben este plan. La medida fue confirmada a trav\u00e9s de un decreto publicado este [&hellip;]<\/p>\n","protected":false},"author":2,"featured_media":5724,"comment_status":"open","ping_status":"open","sticky":false,"template":"","format":"standard","meta":[],"categories":[50],"tags":[],"_links":{"self":[{"href":"https:\/\/pasaenmendoza.com\/index.php?rest_route=\/wp\/v2\/posts\/5723"}],"collection":[{"href":"https:\/\/pasaenmendoza.com\/index.php?rest_route=\/wp\/v2\/posts"}],"about":[{"href":"https:\/\/pasaenmendoza.com\/index.php?rest_route=\/wp\/v2\/types\/post"}],"author":[{"embeddable":true,"href":"https:\/\/pasaenmendoza.com\/index.php?rest_route=\/wp\/v2\/users\/2"}],"replies":[{"embeddable":true,"href":"https:\/\/pasaenmendoza.com\/index.php?rest_route=%2Fwp%2Fv2%2Fcomments&post=5723"}],"version-history":[{"count":1,"href":"https:\/\/pasaenmendoza.com\/index.php?rest_route=\/wp\/v2\/posts\/5723\/revisions"}],"predecessor-version":[{"id":5725,"href":"https:\/\/pasaenmendoza.com\/index.php?rest_route=\/wp\/v2\/posts\/5723\/revisions\/5725"}],"wp:featuredmedia":[{"embeddable":true,"href":"https:\/\/pasaenmendoza.com\/index.php?rest_route=\/wp\/v2\/media\/5724"}],"wp:attachment":[{"href":"https:\/\/pasaenmendoza.com\/index.php?rest_route=%2Fwp%2Fv2%2Fmedia&parent=5723"}],"wp:term":[{"taxonomy":"category","embeddable":true,"href":"https:\/\/pasaenmendoza.com\/index.php?rest_route=%2Fwp%2Fv2%2Fcategories&post=5723"},{"taxonomy":"post_tag","embeddable":true,"href":"https:\/\/pasaenmendoza.com\/index.php?rest_route=%2Fwp%2Fv2%2Ftags&post=5723"}],"curies":[{"name":"wp","href":"https:\/\/api.w.org\/{rel}","templated":true}]}}